{"id":35239,"date":"2023-12-12T10:35:03","date_gmt":"2023-12-12T13:35:03","guid":{"rendered":"https:\/\/www.adeba.com.ar\/?p=35239"},"modified":"2023-12-21T10:35:23","modified_gmt":"2023-12-21T13:35:23","slug":"decreto-19-2023","status":"publish","type":"post","link":"https:\/\/www.adeba.com.ar\/en\/decreto-19-2023\/","title":{"rendered":"\u00a0Decreto 19\/2023"},"content":{"rendered":"\n<figure class=\"wp-block-table\"><table><tbody><tr><td><strong>BCRA. Des\u00edgnase Presidente en comisi\u00f3n.<\/strong><\/td><\/tr><tr><td>El&nbsp;Presidente de&nbsp;la&nbsp;Naci\u00f3n design\u00f3, en comisi\u00f3n, al Licenciado en Econom\u00eda&nbsp;Santiago Bausili&nbsp;para ejercer el cargo de Presidente del BCRA<\/td><\/tr><\/tbody><\/table><\/figure>\n","protected":false},"excerpt":{"rendered":"<p>BCRA. Des\u00edgnase Presidente en comisi\u00f3n. El&nbsp;Presidente de&nbsp;la&nbsp;Naci\u00f3n design\u00f3, en comisi\u00f3n, al Licenciado en Econom\u00eda&nbsp;Santiago Bausili&nbsp;para ejercer el cargo de Presidente del BCRA<\/p>\n","protected":false},"author":1,"featured_media":0,"comment_status":"closed","ping_status":"open","sticky":false,"template":"","format":"standard","meta":[],"categories":[5],"tags":[],"_links":{"self":[{"href":"https:\/\/www.adeba.com.ar\/en\/wp-json\/wp\/v2\/posts\/35239"}],"collection":[{"href":"https:\/\/www.adeba.com.ar\/en\/wp-json\/wp\/v2\/posts"}],"about":[{"href":"https:\/\/www.adeba.com.ar\/en\/wp-json\/wp\/v2\/types\/post"}],"author":[{"embeddable":true,"href":"https:\/\/www.adeba.com.ar\/en\/wp-json\/wp\/v2\/users\/1"}],"replies":[{"embeddable":true,"href":"https:\/\/www.adeba.com.ar\/en\/wp-json\/wp\/v2\/comments?post=35239"}],"version-history":[{"count":1,"href":"https:\/\/www.adeba.com.ar\/en\/wp-json\/wp\/v2\/posts\/35239\/revisions"}],"predecessor-version":[{"id":35240,"href":"https:\/\/www.adeba.com.ar\/en\/wp-json\/wp\/v2\/posts\/35239\/revisions\/35240"}],"wp:attachment":[{"href":"https:\/\/www.adeba.com.ar\/en\/wp-json\/wp\/v2\/media?parent=35239"}],"wp:term":[{"taxonomy":"category","embeddable":true,"href":"https:\/\/www.adeba.com.ar\/en\/wp-json\/wp\/v2\/categories?post=35239"},{"taxonomy":"post_tag","embeddable":true,"href":"https:\/\/www.adeba.com.ar\/en\/wp-json\/wp\/v2\/tags?post=35239"}],"curies":[{"name":"wp","href":"https:\/\/api.w.org\/{rel}","templated":true}]}}