{"id":35227,"date":"2023-12-11T10:31:34","date_gmt":"2023-12-11T13:31:34","guid":{"rendered":"https:\/\/www.adeba.com.ar\/?p=35227"},"modified":"2023-12-21T10:31:49","modified_gmt":"2023-12-21T13:31:49","slug":"a-7914","status":"publish","type":"post","link":"https:\/\/www.adeba.com.ar\/en\/a-7914\/","title":{"rendered":"\u00a0 &#8216;A&#8217; 7914"},"content":{"rendered":"\n<figure class=\"wp-block-table\"><table><tbody><tr><td><strong>Circular CAMEX 1-995: Exterior y cambios. Adecuaciones y actualizaci\u00f3n del texto ordenado<\/strong><\/td><\/tr><tr><td>El Banco Central da a conocer el&nbsp;<strong>texto ordenado sobre Exterior y cambios&nbsp;<\/strong>y tambi\u00e9n<strong>&nbsp;introduce algunos cambios<\/strong>:&nbsp;<strong>\u2022&nbsp;<\/strong>Se adapta la normativa en materia de cobros de exportaciones de bienes y servicios a las disposiciones dadas a conocer por el&nbsp;<a href=\"https:\/\/www.normasfinancieras.com\/vsr\/jump.aspx?nm_origen=MailSintesis&#038;entorno=NO&#038;nm_origen=Aciertos&#038;nm_accion=LinkDoc&#038;link=N155247\" target=\"_blank\" rel=\"noreferrer noopener\">Decreto N\u00b0 597\/23<\/a>&nbsp;y se receptan los aspectos cambiarios de lo establecido mediante la comunicaci\u00f3n&nbsp;<a href=\"https:\/\/www.normasfinancieras.com\/vsr\/jump.aspx?nm_origen=MailSintesis&#038;entorno=NO&#038;nm_origen=Aciertos&#038;nm_accion=LinkDoc&#038;link=N155409\" target=\"_blank\" rel=\"noreferrer noopener\">&#8216;A&#8217; 7898<\/a>&nbsp;y, por ello, no se incorpora lo oportunamente dispuesto en algunas comunicaciones.&nbsp;<strong>\u2022&nbsp;<\/strong>Se incorporaron algunas interpretaciones normativas, adecuaciones formales y se reordenaron algunos puntos para facilitar la visualizaci\u00f3n.&nbsp;<strong>\u2022<\/strong>&nbsp;La anterior Secci\u00f3n 12., dada a conocer por la&nbsp;<a href=\"https:\/\/www.normasfinancieras.com\/vsr\/jump.aspx?nm_origen=MailSintesis&#038;entorno=NO&#038;nm_origen=Aciertos&#038;nm_accion=LinkDoc&#038;link=N151578\" target=\"_blank\" rel=\"noreferrer noopener\">&#8216;A&#8217; 7700<\/a>, ya no formar\u00e1 parte de este texto ordenado y ser\u00e1 incorporada en las normas sobre &#8216;R\u00e9gimen &nbsp;Disciplinario&#8217;.<\/td><\/tr><\/tbody><\/table><\/figure>\n","protected":false},"excerpt":{"rendered":"<p>Circular CAMEX 1-995: Exterior y cambios. Adecuaciones y actualizaci\u00f3n del texto ordenado El Banco Central da a conocer el&nbsp;texto ordenado sobre Exterior y cambios&nbsp;y tambi\u00e9n&nbsp;introduce algunos cambios:&nbsp;\u2022&nbsp;Se adapta la normativa<span class=\"more\"><a class=\"more-link\" href=\"https:\/\/www.adeba.com.ar\/en\/a-7914\/\">Seguir leyendo <span class=\"meta-nav\">&#8594;<\/span><\/a><\/span><\/p>\n","protected":false},"author":1,"featured_media":0,"comment_status":"closed","ping_status":"open","sticky":false,"template":"","format":"standard","meta":[],"categories":[5],"tags":[],"_links":{"self":[{"href":"https:\/\/www.adeba.com.ar\/en\/wp-json\/wp\/v2\/posts\/35227"}],"collection":[{"href":"https:\/\/www.adeba.com.ar\/en\/wp-json\/wp\/v2\/posts"}],"about":[{"href":"https:\/\/www.adeba.com.ar\/en\/wp-json\/wp\/v2\/types\/post"}],"author":[{"embeddable":true,"href":"https:\/\/www.adeba.com.ar\/en\/wp-json\/wp\/v2\/users\/1"}],"replies":[{"embeddable":true,"href":"https:\/\/www.adeba.com.ar\/en\/wp-json\/wp\/v2\/comments?post=35227"}],"version-history":[{"count":1,"href":"https:\/\/www.adeba.com.ar\/en\/wp-json\/wp\/v2\/posts\/35227\/revisions"}],"predecessor-version":[{"id":35228,"href":"https:\/\/www.adeba.com.ar\/en\/wp-json\/wp\/v2\/posts\/35227\/revisions\/35228"}],"wp:attachment":[{"href":"https:\/\/www.adeba.com.ar\/en\/wp-json\/wp\/v2\/media?parent=35227"}],"wp:term":[{"taxonomy":"category","embeddable":true,"href":"https:\/\/www.adeba.com.ar\/en\/wp-json\/wp\/v2\/categories?post=35227"},{"taxonomy":"post_tag","embeddable":true,"href":"https:\/\/www.adeba.com.ar\/en\/wp-json\/wp\/v2\/tags?post=35227"}],"curies":[{"name":"wp","href":"https:\/\/api.w.org\/{rel}","templated":true}]}}