{"id":35217,"date":"2023-12-11T10:28:42","date_gmt":"2023-12-11T13:28:42","guid":{"rendered":"https:\/\/www.adeba.com.ar\/?p=35217"},"modified":"2023-12-21T10:29:00","modified_gmt":"2023-12-21T13:29:00","slug":"decreto-12-2023","status":"publish","type":"post","link":"https:\/\/www.adeba.com.ar\/en\/decreto-12-2023\/","title":{"rendered":"\u00a0Decreto 12\/2023"},"content":{"rendered":"\n<figure class=\"wp-block-table\"><table><tbody><tr><td><strong>Decreto N\u00ba 93\/2018. Modificaci\u00f3n. &#8211; Designaci\u00f3n de personas con alg\u00fan v\u00ednculo de parentesco. Criterios aplicables.<\/strong><\/td><\/tr><tr><td>El Ejecutivo Nacional modifica el art\u00edculo 1 del Decreto 93\/2018 a fin de limitar la prohibici\u00f3n establecida oportunamente a aquellas designaciones o contrataciones que se efect\u00faen en el marco de las Leyes Nros. 20.744 y 25.164 y del Decreto N\u00ba 1109\/17, exceptu\u00e1ndose, de esta manera, los nombramientos que el Presidente realice en virtud de sus facultades.<\/td><\/tr><\/tbody><\/table><\/figure>\n","protected":false},"excerpt":{"rendered":"<p>Decreto N\u00ba 93\/2018. Modificaci\u00f3n. &#8211; Designaci\u00f3n de personas con alg\u00fan v\u00ednculo de parentesco. Criterios aplicables. El Ejecutivo Nacional modifica el art\u00edculo 1 del Decreto 93\/2018 a fin de limitar la<span class=\"more\"><a class=\"more-link\" href=\"https:\/\/www.adeba.com.ar\/en\/decreto-12-2023\/\">Seguir leyendo <span class=\"meta-nav\">&#8594;<\/span><\/a><\/span><\/p>\n","protected":false},"author":1,"featured_media":0,"comment_status":"closed","ping_status":"open","sticky":false,"template":"","format":"standard","meta":[],"categories":[5],"tags":[],"_links":{"self":[{"href":"https:\/\/www.adeba.com.ar\/en\/wp-json\/wp\/v2\/posts\/35217"}],"collection":[{"href":"https:\/\/www.adeba.com.ar\/en\/wp-json\/wp\/v2\/posts"}],"about":[{"href":"https:\/\/www.adeba.com.ar\/en\/wp-json\/wp\/v2\/types\/post"}],"author":[{"embeddable":true,"href":"https:\/\/www.adeba.com.ar\/en\/wp-json\/wp\/v2\/users\/1"}],"replies":[{"embeddable":true,"href":"https:\/\/www.adeba.com.ar\/en\/wp-json\/wp\/v2\/comments?post=35217"}],"version-history":[{"count":1,"href":"https:\/\/www.adeba.com.ar\/en\/wp-json\/wp\/v2\/posts\/35217\/revisions"}],"predecessor-version":[{"id":35218,"href":"https:\/\/www.adeba.com.ar\/en\/wp-json\/wp\/v2\/posts\/35217\/revisions\/35218"}],"wp:attachment":[{"href":"https:\/\/www.adeba.com.ar\/en\/wp-json\/wp\/v2\/media?parent=35217"}],"wp:term":[{"taxonomy":"category","embeddable":true,"href":"https:\/\/www.adeba.com.ar\/en\/wp-json\/wp\/v2\/categories?post=35217"},{"taxonomy":"post_tag","embeddable":true,"href":"https:\/\/www.adeba.com.ar\/en\/wp-json\/wp\/v2\/tags?post=35217"}],"curies":[{"name":"wp","href":"https:\/\/api.w.org\/{rel}","templated":true}]}}