{"id":35215,"date":"2023-12-11T10:28:15","date_gmt":"2023-12-11T13:28:15","guid":{"rendered":"https:\/\/www.adeba.com.ar\/?p=35215"},"modified":"2023-12-21T10:28:38","modified_gmt":"2023-12-21T13:28:38","slug":"resolucion-del-instituto-nacional-de-asociativismo-y-economia-social-5610-2023","status":"publish","type":"post","link":"https:\/\/www.adeba.com.ar\/en\/resolucion-del-instituto-nacional-de-asociativismo-y-economia-social-5610-2023\/","title":{"rendered":"Resoluci\u00f3n del Instituto Nacional de Asociativismo y Econom\u00eda Social 5610\/2023"},"content":{"rendered":"\n<figure class=\"wp-block-table\"><table><tbody><tr><td><strong>Fecha de cierre del ejercicio. Recomendaci\u00f3n.<\/strong><\/td><\/tr><tr><td>INAES sugiere a las cooperativas y mutuales que establezcan en sus estatutos, como fecha de cierre del ejercicio social, el \u00faltimo d\u00eda del mes calendario por el que han optado.&nbsp;Ello responde a que se ha detectado que diversas cooperativas y mutuales han consignado en su estatuto, como fecha de cierre de ejercicio, d\u00edas intermedios de un mes calendario, lo que trae aparejado dificultades en la confecci\u00f3n de sus ejercicios sociales y en el cumplimiento de reg\u00edmenes informativos del \u00e9ste y otros organismos de control.<\/td><\/tr><\/tbody><\/table><\/figure>\n","protected":false},"excerpt":{"rendered":"<p>Fecha de cierre del ejercicio. Recomendaci\u00f3n. INAES sugiere a las cooperativas y mutuales que establezcan en sus estatutos, como fecha de cierre del ejercicio social, el \u00faltimo d\u00eda del mes<span class=\"more\"><a class=\"more-link\" href=\"https:\/\/www.adeba.com.ar\/en\/resolucion-del-instituto-nacional-de-asociativismo-y-economia-social-5610-2023\/\">Seguir leyendo <span class=\"meta-nav\">&#8594;<\/span><\/a><\/span><\/p>\n","protected":false},"author":1,"featured_media":0,"comment_status":"closed","ping_status":"open","sticky":false,"template":"","format":"standard","meta":[],"categories":[5],"tags":[],"_links":{"self":[{"href":"https:\/\/www.adeba.com.ar\/en\/wp-json\/wp\/v2\/posts\/35215"}],"collection":[{"href":"https:\/\/www.adeba.com.ar\/en\/wp-json\/wp\/v2\/posts"}],"about":[{"href":"https:\/\/www.adeba.com.ar\/en\/wp-json\/wp\/v2\/types\/post"}],"author":[{"embeddable":true,"href":"https:\/\/www.adeba.com.ar\/en\/wp-json\/wp\/v2\/users\/1"}],"replies":[{"embeddable":true,"href":"https:\/\/www.adeba.com.ar\/en\/wp-json\/wp\/v2\/comments?post=35215"}],"version-history":[{"count":1,"href":"https:\/\/www.adeba.com.ar\/en\/wp-json\/wp\/v2\/posts\/35215\/revisions"}],"predecessor-version":[{"id":35216,"href":"https:\/\/www.adeba.com.ar\/en\/wp-json\/wp\/v2\/posts\/35215\/revisions\/35216"}],"wp:attachment":[{"href":"https:\/\/www.adeba.com.ar\/en\/wp-json\/wp\/v2\/media?parent=35215"}],"wp:term":[{"taxonomy":"category","embeddable":true,"href":"https:\/\/www.adeba.com.ar\/en\/wp-json\/wp\/v2\/categories?post=35215"},{"taxonomy":"post_tag","embeddable":true,"href":"https:\/\/www.adeba.com.ar\/en\/wp-json\/wp\/v2\/tags?post=35215"}],"curies":[{"name":"wp","href":"https:\/\/api.w.org\/{rel}","templated":true}]}}