{"id":35064,"date":"2023-12-01T12:19:21","date_gmt":"2023-12-01T15:19:21","guid":{"rendered":"https:\/\/www.adeba.com.ar\/?p=35064"},"modified":"2023-12-04T12:20:12","modified_gmt":"2023-12-04T15:20:12","slug":"resolucion-del-instituto-nacional-de-asociativismo-y-economia-social-5460-2023","status":"publish","type":"post","link":"https:\/\/www.adeba.com.ar\/en\/resolucion-del-instituto-nacional-de-asociativismo-y-economia-social-5460-2023\/","title":{"rendered":"\u00a0Resoluci\u00f3n del Instituto Nacional de Asociativismo y Econom\u00eda Social 5460\/2023"},"content":{"rendered":"\n<figure class=\"wp-block-table\"><table><tbody><tr><td><strong>Reaf\u00edrmase que las entidades cooperativas y mutuales son personas jur\u00eddicas privadas sin fines de lucro constituidas como empresas.<\/strong><\/td><\/tr><tr><td>A ra\u00edz de diversas consultas realizadas por entidades como la Confederaci\u00f3n Argentina de Mutualidades (CAM) y la Confederaci\u00f3n Cooperativa de la Rep\u00fablica Argentina (COOPERAR) acerca de la naturaleza jur\u00eddica y el r\u00e9gimen legal e impositivo de cooperativas y mutuales, INAES se pronuncia al respecto ratificando que&nbsp;<strong><em>las entidades cooperativas y mutuales son personas jur\u00eddicas privadas sin fines de lucro constituidas como empresas.&nbsp;<\/em><\/strong>&nbsp;En ese sentido, agrega&nbsp;que como tales deben ser adecuadamente encuadradas tanto normativa como impositivamente en las diferentes jurisdicciones de acuerdo a su naturaleza jur\u00eddica y en la comprensi\u00f3n ampliamente reconocida de su capacidad de contribuir a la promoci\u00f3n del trabajo, la producci\u00f3n, el ahorro y el bienestar integral de sus asociados y asociadas y la comunidad en general.<\/td><\/tr><\/tbody><\/table><\/figure>\n","protected":false},"excerpt":{"rendered":"<p>Reaf\u00edrmase que las entidades cooperativas y mutuales son personas jur\u00eddicas privadas sin fines de lucro constituidas como empresas. A ra\u00edz de diversas consultas realizadas por entidades como la Confederaci\u00f3n Argentina<span class=\"more\"><a class=\"more-link\" href=\"https:\/\/www.adeba.com.ar\/en\/resolucion-del-instituto-nacional-de-asociativismo-y-economia-social-5460-2023\/\">Seguir leyendo <span class=\"meta-nav\">&#8594;<\/span><\/a><\/span><\/p>\n","protected":false},"author":1,"featured_media":0,"comment_status":"closed","ping_status":"open","sticky":false,"template":"","format":"standard","meta":[],"categories":[5],"tags":[],"_links":{"self":[{"href":"https:\/\/www.adeba.com.ar\/en\/wp-json\/wp\/v2\/posts\/35064"}],"collection":[{"href":"https:\/\/www.adeba.com.ar\/en\/wp-json\/wp\/v2\/posts"}],"about":[{"href":"https:\/\/www.adeba.com.ar\/en\/wp-json\/wp\/v2\/types\/post"}],"author":[{"embeddable":true,"href":"https:\/\/www.adeba.com.ar\/en\/wp-json\/wp\/v2\/users\/1"}],"replies":[{"embeddable":true,"href":"https:\/\/www.adeba.com.ar\/en\/wp-json\/wp\/v2\/comments?post=35064"}],"version-history":[{"count":1,"href":"https:\/\/www.adeba.com.ar\/en\/wp-json\/wp\/v2\/posts\/35064\/revisions"}],"predecessor-version":[{"id":35065,"href":"https:\/\/www.adeba.com.ar\/en\/wp-json\/wp\/v2\/posts\/35064\/revisions\/35065"}],"wp:attachment":[{"href":"https:\/\/www.adeba.com.ar\/en\/wp-json\/wp\/v2\/media?parent=35064"}],"wp:term":[{"taxonomy":"category","embeddable":true,"href":"https:\/\/www.adeba.com.ar\/en\/wp-json\/wp\/v2\/categories?post=35064"},{"taxonomy":"post_tag","embeddable":true,"href":"https:\/\/www.adeba.com.ar\/en\/wp-json\/wp\/v2\/tags?post=35064"}],"curies":[{"name":"wp","href":"https:\/\/api.w.org\/{rel}","templated":true}]}}