{"id":34998,"date":"2023-11-28T12:06:39","date_gmt":"2023-11-28T15:06:39","guid":{"rendered":"https:\/\/www.adeba.com.ar\/?p=34998"},"modified":"2023-12-04T12:06:55","modified_gmt":"2023-12-04T15:06:55","slug":"buenos-aires-resolucion-de-la-subsecretaria-de-finanzas-250-2023","status":"publish","type":"post","link":"https:\/\/www.adeba.com.ar\/en\/buenos-aires-resolucion-de-la-subsecretaria-de-finanzas-250-2023\/","title":{"rendered":"\u00a0\u00a0Buenos Aires Resoluci\u00f3n de la Subsecretar\u00eda de Finanzas 250\/2023"},"content":{"rendered":"\n<p>\u00a0Aprobar el Convenio suscripto entre la Provincia de Buenos Aires y la Administraci\u00f3n Nacional de la Seguridad Social. Ampliaci\u00f3n de la emisi\u00f3n de los &#8216;T\u00edtulos de la Provincia de Buenos Aires en pesos ajustables por CER a cup\u00f3n de inter\u00e9s con&#8230;<\/p>\n","protected":false},"excerpt":{"rendered":"<p>\u00a0Aprobar el Convenio suscripto entre la Provincia de Buenos Aires y la Administraci\u00f3n Nacional de la Seguridad Social. Ampliaci\u00f3n de la emisi\u00f3n de los &#8216;T\u00edtulos de la Provincia de Buenos<span class=\"more\"><a class=\"more-link\" href=\"https:\/\/www.adeba.com.ar\/en\/buenos-aires-resolucion-de-la-subsecretaria-de-finanzas-250-2023\/\">Seguir leyendo <span class=\"meta-nav\">&#8594;<\/span><\/a><\/span><\/p>\n","protected":false},"author":1,"featured_media":0,"comment_status":"closed","ping_status":"open","sticky":false,"template":"","format":"standard","meta":[],"categories":[5],"tags":[],"_links":{"self":[{"href":"https:\/\/www.adeba.com.ar\/en\/wp-json\/wp\/v2\/posts\/34998"}],"collection":[{"href":"https:\/\/www.adeba.com.ar\/en\/wp-json\/wp\/v2\/posts"}],"about":[{"href":"https:\/\/www.adeba.com.ar\/en\/wp-json\/wp\/v2\/types\/post"}],"author":[{"embeddable":true,"href":"https:\/\/www.adeba.com.ar\/en\/wp-json\/wp\/v2\/users\/1"}],"replies":[{"embeddable":true,"href":"https:\/\/www.adeba.com.ar\/en\/wp-json\/wp\/v2\/comments?post=34998"}],"version-history":[{"count":1,"href":"https:\/\/www.adeba.com.ar\/en\/wp-json\/wp\/v2\/posts\/34998\/revisions"}],"predecessor-version":[{"id":34999,"href":"https:\/\/www.adeba.com.ar\/en\/wp-json\/wp\/v2\/posts\/34998\/revisions\/34999"}],"wp:attachment":[{"href":"https:\/\/www.adeba.com.ar\/en\/wp-json\/wp\/v2\/media?parent=34998"}],"wp:term":[{"taxonomy":"category","embeddable":true,"href":"https:\/\/www.adeba.com.ar\/en\/wp-json\/wp\/v2\/categories?post=34998"},{"taxonomy":"post_tag","embeddable":true,"href":"https:\/\/www.adeba.com.ar\/en\/wp-json\/wp\/v2\/tags?post=34998"}],"curies":[{"name":"wp","href":"https:\/\/api.w.org\/{rel}","templated":true}]}}