{"id":34863,"date":"2023-11-20T13:40:52","date_gmt":"2023-11-20T16:40:52","guid":{"rendered":"https:\/\/www.adeba.com.ar\/?p=34863"},"modified":"2023-11-20T13:40:53","modified_gmt":"2023-11-20T16:40:53","slug":"adeba-felicita-al-presidente-electo-javier-milei","status":"publish","type":"post","link":"https:\/\/www.adeba.com.ar\/en\/adeba-felicita-al-presidente-electo-javier-milei\/","title":{"rendered":"ADEBA felicita al presidente electo Javier Milei"},"content":{"rendered":"\n<p>ADEBA (Asociaci\u00f3n de Bancos Argentinos) saluda y congratula a Javier Milei, presidente electo de los argentinos.<br>A su vez queremos destacar la participaci\u00f3n de la ciudadan\u00eda al realizar una jornada electoral en paz, haciendo honor y respetando nuestros 40 a\u00f1os de democracia. Tambi\u00e9n un reconocimiento a todas las fuerzas pol\u00edticas y candidatos que participaron en este proceso electoral.<br>ADEBA expresa su disposici\u00f3n para trabajar, en conjunto con el presidente electo Javier Milei y su pr\u00f3ximo equipo de gobierno, para afrontar los desaf\u00edos pendientes, con miras a promover la estabilidad y desarrollo del sistema financiero, como base para financiar el crecimiento econ\u00f3mico del pa\u00eds los a\u00f1os venideros.<\/p>\n","protected":false},"excerpt":{"rendered":"<p>ADEBA (Asociaci\u00f3n de Bancos Argentinos) saluda y congratula a Javier Milei, presidente electo de los argentinos.A su vez queremos destacar la participaci\u00f3n de la ciudadan\u00eda al realizar una jornada electoral<span class=\"more\"><a class=\"more-link\" href=\"https:\/\/www.adeba.com.ar\/en\/adeba-felicita-al-presidente-electo-javier-milei\/\">Seguir leyendo <span class=\"meta-nav\">&#8594;<\/span><\/a><\/span><\/p>\n","protected":false},"author":1,"featured_media":27072,"comment_status":"closed","ping_status":"open","sticky":false,"template":"","format":"standard","meta":[],"categories":[4],"tags":[],"_links":{"self":[{"href":"https:\/\/www.adeba.com.ar\/en\/wp-json\/wp\/v2\/posts\/34863"}],"collection":[{"href":"https:\/\/www.adeba.com.ar\/en\/wp-json\/wp\/v2\/posts"}],"about":[{"href":"https:\/\/www.adeba.com.ar\/en\/wp-json\/wp\/v2\/types\/post"}],"author":[{"embeddable":true,"href":"https:\/\/www.adeba.com.ar\/en\/wp-json\/wp\/v2\/users\/1"}],"replies":[{"embeddable":true,"href":"https:\/\/www.adeba.com.ar\/en\/wp-json\/wp\/v2\/comments?post=34863"}],"version-history":[{"count":1,"href":"https:\/\/www.adeba.com.ar\/en\/wp-json\/wp\/v2\/posts\/34863\/revisions"}],"predecessor-version":[{"id":34864,"href":"https:\/\/www.adeba.com.ar\/en\/wp-json\/wp\/v2\/posts\/34863\/revisions\/34864"}],"wp:featuredmedia":[{"embeddable":true,"href":"https:\/\/www.adeba.com.ar\/en\/wp-json\/wp\/v2\/media\/27072"}],"wp:attachment":[{"href":"https:\/\/www.adeba.com.ar\/en\/wp-json\/wp\/v2\/media?parent=34863"}],"wp:term":[{"taxonomy":"category","embeddable":true,"href":"https:\/\/www.adeba.com.ar\/en\/wp-json\/wp\/v2\/categories?post=34863"},{"taxonomy":"post_tag","embeddable":true,"href":"https:\/\/www.adeba.com.ar\/en\/wp-json\/wp\/v2\/tags?post=34863"}],"curies":[{"name":"wp","href":"https:\/\/api.w.org\/{rel}","templated":true}]}}