{"id":34615,"date":"2023-11-01T09:31:00","date_gmt":"2023-11-01T12:31:00","guid":{"rendered":"https:\/\/www.adeba.com.ar\/?p=34615"},"modified":"2023-11-17T14:59:39","modified_gmt":"2023-11-17T17:59:39","slug":"adeba-joven-sigue-fortaleciendo-lazos-con-adeba-sr","status":"publish","type":"post","link":"https:\/\/www.adeba.com.ar\/en\/adeba-joven-sigue-fortaleciendo-lazos-con-adeba-sr\/","title":{"rendered":"ADEBA Joven sigue fortaleciendo lazos con ADEBA"},"content":{"rendered":"\n<p>En el d\u00eda de hoy tuvo lugar el tercer encuentro dentro del ciclo de reuniones con los principales miembros de la c\u00e1mara madre, ADEBA, para seguir fortaleciendo el v\u00ednculo con ADEBA Sr.&nbsp;<\/p>\n\n\n\n<p><br>Los integrantes de ADEBA Joven se reunieron con&nbsp;Gustavo Manriquez, CEO de Banco Macro y conversaron sobre la actualidad en materia financiera y la formaci\u00f3n de j\u00f3venes.&nbsp;<\/p>\n\n\n\n<p>Surgido en el a\u00f1o 2016, ADEBA Joven es un grupo conformado por j\u00f3venes sub-40 pertenecientes a distintas entidades bancarias asociadas a ADEBA con el objetivo de promover la integraci\u00f3n generacional, fomentar el relacionamiento y la formaci\u00f3n de j\u00f3venes vinculados a los bancos asociados.<\/p>\n","protected":false},"excerpt":{"rendered":"<p>En el d\u00eda de hoy tuvo lugar el tercer encuentro dentro del ciclo de reuniones con los principales miembros de la c\u00e1mara madre, ADEBA, para seguir fortaleciendo el v\u00ednculo con<span class=\"more\"><a class=\"more-link\" href=\"https:\/\/www.adeba.com.ar\/en\/adeba-joven-sigue-fortaleciendo-lazos-con-adeba-sr\/\">Seguir leyendo <span class=\"meta-nav\">&#8594;<\/span><\/a><\/span><\/p>\n","protected":false},"author":1,"featured_media":34619,"comment_status":"closed","ping_status":"open","sticky":false,"template":"","format":"standard","meta":[],"categories":[4,222],"tags":[],"_links":{"self":[{"href":"https:\/\/www.adeba.com.ar\/en\/wp-json\/wp\/v2\/posts\/34615"}],"collection":[{"href":"https:\/\/www.adeba.com.ar\/en\/wp-json\/wp\/v2\/posts"}],"about":[{"href":"https:\/\/www.adeba.com.ar\/en\/wp-json\/wp\/v2\/types\/post"}],"author":[{"embeddable":true,"href":"https:\/\/www.adeba.com.ar\/en\/wp-json\/wp\/v2\/users\/1"}],"replies":[{"embeddable":true,"href":"https:\/\/www.adeba.com.ar\/en\/wp-json\/wp\/v2\/comments?post=34615"}],"version-history":[{"count":2,"href":"https:\/\/www.adeba.com.ar\/en\/wp-json\/wp\/v2\/posts\/34615\/revisions"}],"predecessor-version":[{"id":34860,"href":"https:\/\/www.adeba.com.ar\/en\/wp-json\/wp\/v2\/posts\/34615\/revisions\/34860"}],"wp:featuredmedia":[{"embeddable":true,"href":"https:\/\/www.adeba.com.ar\/en\/wp-json\/wp\/v2\/media\/34619"}],"wp:attachment":[{"href":"https:\/\/www.adeba.com.ar\/en\/wp-json\/wp\/v2\/media?parent=34615"}],"wp:term":[{"taxonomy":"category","embeddable":true,"href":"https:\/\/www.adeba.com.ar\/en\/wp-json\/wp\/v2\/categories?post=34615"},{"taxonomy":"post_tag","embeddable":true,"href":"https:\/\/www.adeba.com.ar\/en\/wp-json\/wp\/v2\/tags?post=34615"}],"curies":[{"name":"wp","href":"https:\/\/api.w.org\/{rel}","templated":true}]}}