{"id":32983,"date":"2023-06-27T12:10:26","date_gmt":"2023-06-27T15:10:26","guid":{"rendered":"https:\/\/www.adeba.com.ar\/?p=32983"},"modified":"2023-06-30T12:10:48","modified_gmt":"2023-06-30T15:10:48","slug":"tucuman-resolucion-general-de-la-direccion-general-de-rentas-43-2023","status":"publish","type":"post","link":"https:\/\/www.adeba.com.ar\/en\/tucuman-resolucion-general-de-la-direccion-general-de-rentas-43-2023\/","title":{"rendered":"\u00a0Tucum\u00e1n Resoluci\u00f3n General de la Direcci\u00f3n General de Rentas 43\/2023\u00a0"},"content":{"rendered":"\n<p>Se consideran cumplidas en tiempo y forma hasta el 30 de junio de 2023 las obligaciones tributarias a fin de acogerse al r\u00e9gimen de regularizaci\u00f3n de deudas fiscales<\/p>\n","protected":false},"excerpt":{"rendered":"<p>Se consideran cumplidas en tiempo y forma hasta el 30 de junio de 2023 las obligaciones tributarias a fin de acogerse al r\u00e9gimen de regularizaci\u00f3n de deudas fiscales<\/p>\n","protected":false},"author":1,"featured_media":0,"comment_status":"closed","ping_status":"open","sticky":false,"template":"","format":"standard","meta":[],"categories":[5],"tags":[],"_links":{"self":[{"href":"https:\/\/www.adeba.com.ar\/en\/wp-json\/wp\/v2\/posts\/32983"}],"collection":[{"href":"https:\/\/www.adeba.com.ar\/en\/wp-json\/wp\/v2\/posts"}],"about":[{"href":"https:\/\/www.adeba.com.ar\/en\/wp-json\/wp\/v2\/types\/post"}],"author":[{"embeddable":true,"href":"https:\/\/www.adeba.com.ar\/en\/wp-json\/wp\/v2\/users\/1"}],"replies":[{"embeddable":true,"href":"https:\/\/www.adeba.com.ar\/en\/wp-json\/wp\/v2\/comments?post=32983"}],"version-history":[{"count":1,"href":"https:\/\/www.adeba.com.ar\/en\/wp-json\/wp\/v2\/posts\/32983\/revisions"}],"predecessor-version":[{"id":32984,"href":"https:\/\/www.adeba.com.ar\/en\/wp-json\/wp\/v2\/posts\/32983\/revisions\/32984"}],"wp:attachment":[{"href":"https:\/\/www.adeba.com.ar\/en\/wp-json\/wp\/v2\/media?parent=32983"}],"wp:term":[{"taxonomy":"category","embeddable":true,"href":"https:\/\/www.adeba.com.ar\/en\/wp-json\/wp\/v2\/categories?post=32983"},{"taxonomy":"post_tag","embeddable":true,"href":"https:\/\/www.adeba.com.ar\/en\/wp-json\/wp\/v2\/tags?post=32983"}],"curies":[{"name":"wp","href":"https:\/\/api.w.org\/{rel}","templated":true}]}}