{"id":32979,"date":"2023-06-23T12:09:29","date_gmt":"2023-06-23T15:09:29","guid":{"rendered":"https:\/\/www.adeba.com.ar\/?p=32979"},"modified":"2023-06-30T12:09:47","modified_gmt":"2023-06-30T15:09:47","slug":"resolucion-general-de-la-administracion-federal-de-ingresos-publicos-5375-2023","status":"publish","type":"post","link":"https:\/\/www.adeba.com.ar\/en\/resolucion-general-de-la-administracion-federal-de-ingresos-publicos-5375-2023\/","title":{"rendered":"Resoluci\u00f3n General de la Administraci\u00f3n Federal de Ingresos P\u00fablicos 5375\/2023"},"content":{"rendered":"\n<figure class=\"wp-block-table\"><table><tbody><tr><td><strong>Procedimiento. C\u00f3mputo de plazos en materia impositiva, aduanera y de los recursos de la seguridad social. Resoluci\u00f3n General N\u00ba 1.983, sus modificatorias y complementarias. Norma complementaria.<\/strong><\/td><\/tr><tr><td>La AFIP fija entre los d\u00edas&nbsp;<strong>17 y 28 de julio de 2023<\/strong>, ambas fechas inclusive, el&nbsp;per\u00edodo de feria judicial de invierno.<\/td><\/tr><\/tbody><\/table><\/figure>\n","protected":false},"excerpt":{"rendered":"<p>Procedimiento. C\u00f3mputo de plazos en materia impositiva, aduanera y de los recursos de la seguridad social. Resoluci\u00f3n General N\u00ba 1.983, sus modificatorias y complementarias. Norma complementaria. La AFIP fija entre<span class=\"more\"><a class=\"more-link\" href=\"https:\/\/www.adeba.com.ar\/en\/resolucion-general-de-la-administracion-federal-de-ingresos-publicos-5375-2023\/\">Seguir leyendo <span class=\"meta-nav\">&#8594;<\/span><\/a><\/span><\/p>\n","protected":false},"author":1,"featured_media":0,"comment_status":"closed","ping_status":"open","sticky":false,"template":"","format":"standard","meta":[],"categories":[5],"tags":[],"_links":{"self":[{"href":"https:\/\/www.adeba.com.ar\/en\/wp-json\/wp\/v2\/posts\/32979"}],"collection":[{"href":"https:\/\/www.adeba.com.ar\/en\/wp-json\/wp\/v2\/posts"}],"about":[{"href":"https:\/\/www.adeba.com.ar\/en\/wp-json\/wp\/v2\/types\/post"}],"author":[{"embeddable":true,"href":"https:\/\/www.adeba.com.ar\/en\/wp-json\/wp\/v2\/users\/1"}],"replies":[{"embeddable":true,"href":"https:\/\/www.adeba.com.ar\/en\/wp-json\/wp\/v2\/comments?post=32979"}],"version-history":[{"count":1,"href":"https:\/\/www.adeba.com.ar\/en\/wp-json\/wp\/v2\/posts\/32979\/revisions"}],"predecessor-version":[{"id":32980,"href":"https:\/\/www.adeba.com.ar\/en\/wp-json\/wp\/v2\/posts\/32979\/revisions\/32980"}],"wp:attachment":[{"href":"https:\/\/www.adeba.com.ar\/en\/wp-json\/wp\/v2\/media?parent=32979"}],"wp:term":[{"taxonomy":"category","embeddable":true,"href":"https:\/\/www.adeba.com.ar\/en\/wp-json\/wp\/v2\/categories?post=32979"},{"taxonomy":"post_tag","embeddable":true,"href":"https:\/\/www.adeba.com.ar\/en\/wp-json\/wp\/v2\/tags?post=32979"}],"curies":[{"name":"wp","href":"https:\/\/api.w.org\/{rel}","templated":true}]}}