{"id":32953,"date":"2023-06-23T17:46:35","date_gmt":"2023-06-23T20:46:35","guid":{"rendered":"https:\/\/www.adeba.com.ar\/?p=32953"},"modified":"2023-06-23T17:46:35","modified_gmt":"2023-06-23T20:46:35","slug":"adeba-participo-de-la-jornada-de-fraudes-bancarios-y-ciberdelitos","status":"publish","type":"post","link":"https:\/\/www.adeba.com.ar\/en\/adeba-participo-de-la-jornada-de-fraudes-bancarios-y-ciberdelitos\/","title":{"rendered":"ADEBA particip\u00f3 de la Jornada de Fraudes Bancarios Y Ciberdelitos"},"content":{"rendered":"\n<p>El mi\u00e9rcoles 14 de junio tuvo lugar la Jornada inaugural del Programa de Formaci\u00f3n Continua \u201cInvestigaci\u00f3n Criminal De Fraudes Bancarios Y Ciberdelitos\u201d, organizado conjuntamente entre el Ministerio P\u00fablico Fiscal de la Provincia de Buenos Aires (MPBA), ADEBA, ABA, COELSA y la Embajada de Estados Unidos.El panel de apertura estuvo conformado por el Dr. Julio Conte-Grand, Procurador General de la SCBA; Javier Bolzico, presidente de la Asociaci\u00f3n de Bancos Argentinos (ADEBA); Claudio Cesario, presidente de la Asociaci\u00f3n de Bancos de la Argentina (ABA); Josephine W.  Thomas, Asesora Legal Residente a cargo de la Oficina Internacional de Desarrollo, Asistencia y Capacitaci\u00f3n de los Sistemas de Justicia (OPDAT) de la Embajada de los EE. UU. en Argentina y Alejandro Peverengo, Gerente de Prevenci\u00f3n de Fraudes de la Compensadora Electr\u00f3nica S.A. (COELSA). Los panelistas destacaron la importancia de las actividades conjuntas, para lo cual se alcanzaron acuerdos de colaboraci\u00f3n entre estas entidades en el marco de la lucha contra el delito.Luego, el Gerente General de ADEBA, Francisco Gismondi particip\u00f3 junto con Alejandro Peverengo de COELSA y Francisco Pont Verg\u00e9s, Secretario de Pol\u00edtica Criminal, Coordinaci\u00f3n Fiscal e Instrucci\u00f3n Penal de la Procuraci\u00f3n General de un panel sobre \u201cEl sistema bancario y otros actores financieros: una agenda en com\u00fan con el MPBA\u201d, el cual fue moderado por el Coordinador de la Unidad de Investigaci\u00f3n de Delitos Econ\u00f3micos en la Polic\u00eda Judicial del MPBA, Juan Manuel Garc\u00eda Blanco. El programa, cuyo primer encuentro tuvo lugar en horas de la tarde, consta de un total de 7 encuentros mensuales en los que se abordar\u00e1n distintos aspectos vinculados con la tem\u00e1tica orientados a la capacitaci\u00f3n del personal tanto de las entidades como de la Justicia para conocer e identificar los circuitos que permitan ser efectivos en combatir este tipo de il\u00edcitos como as\u00ed tambi\u00e9n en la prevenci\u00f3n de los mismos.<\/p>\n\n\n\n<p><\/p>\n","protected":false},"excerpt":{"rendered":"<p>El mi\u00e9rcoles 14 de junio tuvo lugar la Jornada inaugural del Programa de Formaci\u00f3n Continua \u201cInvestigaci\u00f3n Criminal De Fraudes Bancarios Y Ciberdelitos\u201d, organizado conjuntamente entre el Ministerio P\u00fablico Fiscal de<span class=\"more\"><a class=\"more-link\" href=\"https:\/\/www.adeba.com.ar\/en\/adeba-participo-de-la-jornada-de-fraudes-bancarios-y-ciberdelitos\/\">Seguir leyendo <span class=\"meta-nav\">&#8594;<\/span><\/a><\/span><\/p>\n","protected":false},"author":1,"featured_media":32954,"comment_status":"closed","ping_status":"open","sticky":false,"template":"","format":"standard","meta":[],"categories":[4],"tags":[],"_links":{"self":[{"href":"https:\/\/www.adeba.com.ar\/en\/wp-json\/wp\/v2\/posts\/32953"}],"collection":[{"href":"https:\/\/www.adeba.com.ar\/en\/wp-json\/wp\/v2\/posts"}],"about":[{"href":"https:\/\/www.adeba.com.ar\/en\/wp-json\/wp\/v2\/types\/post"}],"author":[{"embeddable":true,"href":"https:\/\/www.adeba.com.ar\/en\/wp-json\/wp\/v2\/users\/1"}],"replies":[{"embeddable":true,"href":"https:\/\/www.adeba.com.ar\/en\/wp-json\/wp\/v2\/comments?post=32953"}],"version-history":[{"count":1,"href":"https:\/\/www.adeba.com.ar\/en\/wp-json\/wp\/v2\/posts\/32953\/revisions"}],"predecessor-version":[{"id":32955,"href":"https:\/\/www.adeba.com.ar\/en\/wp-json\/wp\/v2\/posts\/32953\/revisions\/32955"}],"wp:featuredmedia":[{"embeddable":true,"href":"https:\/\/www.adeba.com.ar\/en\/wp-json\/wp\/v2\/media\/32954"}],"wp:attachment":[{"href":"https:\/\/www.adeba.com.ar\/en\/wp-json\/wp\/v2\/media?parent=32953"}],"wp:term":[{"taxonomy":"category","embeddable":true,"href":"https:\/\/www.adeba.com.ar\/en\/wp-json\/wp\/v2\/categories?post=32953"},{"taxonomy":"post_tag","embeddable":true,"href":"https:\/\/www.adeba.com.ar\/en\/wp-json\/wp\/v2\/tags?post=32953"}],"curies":[{"name":"wp","href":"https:\/\/api.w.org\/{rel}","templated":true}]}}