{"id":32941,"date":"2023-06-21T13:14:05","date_gmt":"2023-06-21T16:14:05","guid":{"rendered":"https:\/\/www.adeba.com.ar\/?p=32941"},"modified":"2023-06-22T13:14:21","modified_gmt":"2023-06-22T16:14:21","slug":"resolucion-general-de-la-administracion-federal-de-ingresos-publicos-5373-2023","status":"publish","type":"post","link":"https:\/\/www.adeba.com.ar\/en\/resolucion-general-de-la-administracion-federal-de-ingresos-publicos-5373-2023\/","title":{"rendered":"Resoluci\u00f3n General de la Administraci\u00f3n Federal de Ingresos P\u00fablicos 5373\/2023"},"content":{"rendered":"\n<figure class=\"wp-block-table\"><table><tbody><tr><td><strong>Ley N\u00ba 19.640. R\u00e9gimen de Dep\u00f3sito Ant\u00e1rtico. Su implementaci\u00f3n.<\/strong><\/td><\/tr><tr><td>AFIP implementa el r\u00e9gimen denominado &#8216;Dep\u00f3sito Ant\u00e1rtico&#8217;, el cual ser\u00e1 instrumentado en dep\u00f3sitos fiscales habilitados en el \u00c1rea Aduanera Especial en jurisdicci\u00f3n de la Divisi\u00f3n Aduana de Ushuaia y resultar\u00e1 de aplicaci\u00f3n para&nbsp;aquella mercader\u00eda que careciera de libre circulaci\u00f3n y que, debido a las condiciones meteorol\u00f3gicas del Continente Ant\u00e1rtico,&nbsp;debiera ser almacenada por un tiempo determinado para luego ser transportada al Sector Ant\u00e1rtico Argentino&nbsp;con fines cient\u00edficos, militares o tur\u00edsticos, para ser utilizada como suministro de las bases permanentes y temporarias all\u00ed localizadas, en las campa\u00f1as ant\u00e1rticas y tur\u00edsticas, as\u00ed como aquellas que constituyeran rancho o pacotilla de los medios de transporte.<br>La Direcci\u00f3n General de Aduanas deber\u00e1 establecer la mercader\u00eda susceptible de encuadrar en el presente r\u00e9gimen. El listado estar\u00e1 disponible en el micrositio &#8216;Trasbordo C\u00f3digo AFIP&#8217; del sitio web de AFIP.<\/td><\/tr><\/tbody><\/table><\/figure>\n","protected":false},"excerpt":{"rendered":"<p>Ley N\u00ba 19.640. R\u00e9gimen de Dep\u00f3sito Ant\u00e1rtico. Su implementaci\u00f3n. AFIP implementa el r\u00e9gimen denominado &#8216;Dep\u00f3sito Ant\u00e1rtico&#8217;, el cual ser\u00e1 instrumentado en dep\u00f3sitos fiscales habilitados en el \u00c1rea Aduanera Especial en<span class=\"more\"><a class=\"more-link\" href=\"https:\/\/www.adeba.com.ar\/en\/resolucion-general-de-la-administracion-federal-de-ingresos-publicos-5373-2023\/\">Seguir leyendo <span class=\"meta-nav\">&#8594;<\/span><\/a><\/span><\/p>\n","protected":false},"author":1,"featured_media":0,"comment_status":"closed","ping_status":"open","sticky":false,"template":"","format":"standard","meta":[],"categories":[5],"tags":[],"_links":{"self":[{"href":"https:\/\/www.adeba.com.ar\/en\/wp-json\/wp\/v2\/posts\/32941"}],"collection":[{"href":"https:\/\/www.adeba.com.ar\/en\/wp-json\/wp\/v2\/posts"}],"about":[{"href":"https:\/\/www.adeba.com.ar\/en\/wp-json\/wp\/v2\/types\/post"}],"author":[{"embeddable":true,"href":"https:\/\/www.adeba.com.ar\/en\/wp-json\/wp\/v2\/users\/1"}],"replies":[{"embeddable":true,"href":"https:\/\/www.adeba.com.ar\/en\/wp-json\/wp\/v2\/comments?post=32941"}],"version-history":[{"count":1,"href":"https:\/\/www.adeba.com.ar\/en\/wp-json\/wp\/v2\/posts\/32941\/revisions"}],"predecessor-version":[{"id":32942,"href":"https:\/\/www.adeba.com.ar\/en\/wp-json\/wp\/v2\/posts\/32941\/revisions\/32942"}],"wp:attachment":[{"href":"https:\/\/www.adeba.com.ar\/en\/wp-json\/wp\/v2\/media?parent=32941"}],"wp:term":[{"taxonomy":"category","embeddable":true,"href":"https:\/\/www.adeba.com.ar\/en\/wp-json\/wp\/v2\/categories?post=32941"},{"taxonomy":"post_tag","embeddable":true,"href":"https:\/\/www.adeba.com.ar\/en\/wp-json\/wp\/v2\/tags?post=32941"}],"curies":[{"name":"wp","href":"https:\/\/api.w.org\/{rel}","templated":true}]}}