{"id":32797,"date":"2023-06-12T12:05:20","date_gmt":"2023-06-12T15:05:20","guid":{"rendered":"https:\/\/www.adeba.com.ar\/?p=32797"},"modified":"2023-06-14T12:05:40","modified_gmt":"2023-06-14T15:05:40","slug":"cordoba-decreto-provincial-795-2023","status":"publish","type":"post","link":"https:\/\/www.adeba.com.ar\/en\/cordoba-decreto-provincial-795-2023\/","title":{"rendered":"\u00a0C\u00f3rdoba Decreto Provincial 795\/2023"},"content":{"rendered":"\n<p>Sustituci\u00f3n del r\u00e9gimen general de percepci\u00f3n, control e informaci\u00f3n del impuesto sobre los ingresos brutos para contribuyentes de la provincia de C\u00f3rdoba<\/p>\n","protected":false},"excerpt":{"rendered":"<p>Sustituci\u00f3n del r\u00e9gimen general de percepci\u00f3n, control e informaci\u00f3n del impuesto sobre los ingresos brutos para contribuyentes de la provincia de C\u00f3rdoba<\/p>\n","protected":false},"author":1,"featured_media":0,"comment_status":"closed","ping_status":"open","sticky":false,"template":"","format":"standard","meta":[],"categories":[5],"tags":[],"_links":{"self":[{"href":"https:\/\/www.adeba.com.ar\/en\/wp-json\/wp\/v2\/posts\/32797"}],"collection":[{"href":"https:\/\/www.adeba.com.ar\/en\/wp-json\/wp\/v2\/posts"}],"about":[{"href":"https:\/\/www.adeba.com.ar\/en\/wp-json\/wp\/v2\/types\/post"}],"author":[{"embeddable":true,"href":"https:\/\/www.adeba.com.ar\/en\/wp-json\/wp\/v2\/users\/1"}],"replies":[{"embeddable":true,"href":"https:\/\/www.adeba.com.ar\/en\/wp-json\/wp\/v2\/comments?post=32797"}],"version-history":[{"count":1,"href":"https:\/\/www.adeba.com.ar\/en\/wp-json\/wp\/v2\/posts\/32797\/revisions"}],"predecessor-version":[{"id":32798,"href":"https:\/\/www.adeba.com.ar\/en\/wp-json\/wp\/v2\/posts\/32797\/revisions\/32798"}],"wp:attachment":[{"href":"https:\/\/www.adeba.com.ar\/en\/wp-json\/wp\/v2\/media?parent=32797"}],"wp:term":[{"taxonomy":"category","embeddable":true,"href":"https:\/\/www.adeba.com.ar\/en\/wp-json\/wp\/v2\/categories?post=32797"},{"taxonomy":"post_tag","embeddable":true,"href":"https:\/\/www.adeba.com.ar\/en\/wp-json\/wp\/v2\/tags?post=32797"}],"curies":[{"name":"wp","href":"https:\/\/api.w.org\/{rel}","templated":true}]}}