{"id":32749,"date":"2023-06-08T12:18:21","date_gmt":"2023-06-08T15:18:21","guid":{"rendered":"https:\/\/www.adeba.com.ar\/?p=32749"},"modified":"2023-06-08T12:18:21","modified_gmt":"2023-06-08T15:18:21","slug":"resolucion-del-ministerio-de-economia-755-2023","status":"publish","type":"post","link":"https:\/\/www.adeba.com.ar\/en\/resolucion-del-ministerio-de-economia-755-2023\/","title":{"rendered":"\u00a0\u00a0Resoluci\u00f3n del Ministerio de Econom\u00eda 755\/2023"},"content":{"rendered":"\n<p>Dase por declarado, en la Provincia de JUJUY, el estado de emergencia y\/o desastre agropecuario a las explotaciones ca\u00f1eras afectadas por sequ\u00eda de los Departamentos El Carmen, Palpal\u00e1, San Pedro, Ledesma, San Antonio y Santa B\u00e1rbara.<\/p>\n","protected":false},"excerpt":{"rendered":"<p>Dase por declarado, en la Provincia de JUJUY, el estado de emergencia y\/o desastre agropecuario a las explotaciones ca\u00f1eras afectadas por sequ\u00eda de los Departamentos El Carmen, Palpal\u00e1, San Pedro,<span class=\"more\"><a class=\"more-link\" href=\"https:\/\/www.adeba.com.ar\/en\/resolucion-del-ministerio-de-economia-755-2023\/\">Seguir leyendo <span class=\"meta-nav\">&#8594;<\/span><\/a><\/span><\/p>\n","protected":false},"author":1,"featured_media":0,"comment_status":"closed","ping_status":"open","sticky":false,"template":"","format":"standard","meta":[],"categories":[5],"tags":[],"_links":{"self":[{"href":"https:\/\/www.adeba.com.ar\/en\/wp-json\/wp\/v2\/posts\/32749"}],"collection":[{"href":"https:\/\/www.adeba.com.ar\/en\/wp-json\/wp\/v2\/posts"}],"about":[{"href":"https:\/\/www.adeba.com.ar\/en\/wp-json\/wp\/v2\/types\/post"}],"author":[{"embeddable":true,"href":"https:\/\/www.adeba.com.ar\/en\/wp-json\/wp\/v2\/users\/1"}],"replies":[{"embeddable":true,"href":"https:\/\/www.adeba.com.ar\/en\/wp-json\/wp\/v2\/comments?post=32749"}],"version-history":[{"count":1,"href":"https:\/\/www.adeba.com.ar\/en\/wp-json\/wp\/v2\/posts\/32749\/revisions"}],"predecessor-version":[{"id":32750,"href":"https:\/\/www.adeba.com.ar\/en\/wp-json\/wp\/v2\/posts\/32749\/revisions\/32750"}],"wp:attachment":[{"href":"https:\/\/www.adeba.com.ar\/en\/wp-json\/wp\/v2\/media?parent=32749"}],"wp:term":[{"taxonomy":"category","embeddable":true,"href":"https:\/\/www.adeba.com.ar\/en\/wp-json\/wp\/v2\/categories?post=32749"},{"taxonomy":"post_tag","embeddable":true,"href":"https:\/\/www.adeba.com.ar\/en\/wp-json\/wp\/v2\/tags?post=32749"}],"curies":[{"name":"wp","href":"https:\/\/api.w.org\/{rel}","templated":true}]}}