{"id":32747,"date":"2023-06-08T12:18:03","date_gmt":"2023-06-08T15:18:03","guid":{"rendered":"https:\/\/www.adeba.com.ar\/?p=32747"},"modified":"2023-06-08T12:18:04","modified_gmt":"2023-06-08T15:18:04","slug":"resolucion-del-ministerio-de-economia-756-2023","status":"publish","type":"post","link":"https:\/\/www.adeba.com.ar\/en\/resolucion-del-ministerio-de-economia-756-2023\/","title":{"rendered":"\u00a0Resoluci\u00f3n del Ministerio de Econom\u00eda 756\/2023"},"content":{"rendered":"\n<p>\u00a0Dase por declarado, en la Provincia de SALTA, el estado de emergencia y\/o desastre agropecuario a las explotaciones citr\u00edcolas, afectadas por sequ\u00eda, en los Departamentos Anta, General Gemes, General San Mart\u00edn, Iruya, Met\u00e1n, Or\u00e1n y Santa Victoria.<\/p>\n","protected":false},"excerpt":{"rendered":"<p>\u00a0Dase por declarado, en la Provincia de SALTA, el estado de emergencia y\/o desastre agropecuario a las explotaciones citr\u00edcolas, afectadas por sequ\u00eda, en los Departamentos Anta, General Gemes, General San<span class=\"more\"><a class=\"more-link\" href=\"https:\/\/www.adeba.com.ar\/en\/resolucion-del-ministerio-de-economia-756-2023\/\">Seguir leyendo <span class=\"meta-nav\">&#8594;<\/span><\/a><\/span><\/p>\n","protected":false},"author":1,"featured_media":0,"comment_status":"closed","ping_status":"open","sticky":false,"template":"","format":"standard","meta":[],"categories":[5],"tags":[],"_links":{"self":[{"href":"https:\/\/www.adeba.com.ar\/en\/wp-json\/wp\/v2\/posts\/32747"}],"collection":[{"href":"https:\/\/www.adeba.com.ar\/en\/wp-json\/wp\/v2\/posts"}],"about":[{"href":"https:\/\/www.adeba.com.ar\/en\/wp-json\/wp\/v2\/types\/post"}],"author":[{"embeddable":true,"href":"https:\/\/www.adeba.com.ar\/en\/wp-json\/wp\/v2\/users\/1"}],"replies":[{"embeddable":true,"href":"https:\/\/www.adeba.com.ar\/en\/wp-json\/wp\/v2\/comments?post=32747"}],"version-history":[{"count":1,"href":"https:\/\/www.adeba.com.ar\/en\/wp-json\/wp\/v2\/posts\/32747\/revisions"}],"predecessor-version":[{"id":32748,"href":"https:\/\/www.adeba.com.ar\/en\/wp-json\/wp\/v2\/posts\/32747\/revisions\/32748"}],"wp:attachment":[{"href":"https:\/\/www.adeba.com.ar\/en\/wp-json\/wp\/v2\/media?parent=32747"}],"wp:term":[{"taxonomy":"category","embeddable":true,"href":"https:\/\/www.adeba.com.ar\/en\/wp-json\/wp\/v2\/categories?post=32747"},{"taxonomy":"post_tag","embeddable":true,"href":"https:\/\/www.adeba.com.ar\/en\/wp-json\/wp\/v2\/tags?post=32747"}],"curies":[{"name":"wp","href":"https:\/\/api.w.org\/{rel}","templated":true}]}}