{"id":32707,"date":"2023-06-02T12:09:43","date_gmt":"2023-06-02T15:09:43","guid":{"rendered":"https:\/\/www.adeba.com.ar\/?p=32707"},"modified":"2023-06-08T12:09:59","modified_gmt":"2023-06-08T15:09:59","slug":"a-7782","status":"publish","type":"post","link":"https:\/\/www.adeba.com.ar\/en\/a-7782\/","title":{"rendered":"\u00a0&#8216;A&#8217; 7782"},"content":{"rendered":"\n<figure class=\"wp-block-table\"><table><tbody><tr><td><strong>Circular CAMEX 1-968: Exterior y cambios. Adecuaciones.<\/strong><\/td><\/tr><tr><td>El BCRA establece que, a partir del 2 de junio, lo previsto en el punto 3.17. de las normas de &#8216;Exterior y cambios&#8217;, relativo a la refinanciaci\u00f3n de vencimientos de capital de pasivos en moneda extranjera, resultar\u00e1 tambi\u00e9n aplicable a los vencimientos de capital de gobiernos locales que correspondan a emisiones de t\u00edtulos de deuda con registro en el exterior, otros endeudamientos financieros con el exterior o a emisiones de t\u00edtulos de deuda con registro p\u00fablico en el pa\u00eds denominados en moneda extranjera.&nbsp;<br>En el caso de vencimientos de las mencionadas operaciones que se registren hasta el pr\u00f3ximo 18 de julio, la presentaci\u00f3n del plan ante el BCRA podr\u00e1 concretarse hasta 2 d\u00edas h\u00e1biles antes de la fecha del vencimiento.<\/td><\/tr><\/tbody><\/table><\/figure>\n","protected":false},"excerpt":{"rendered":"<p>Circular CAMEX 1-968: Exterior y cambios. Adecuaciones. El BCRA establece que, a partir del 2 de junio, lo previsto en el punto 3.17. de las normas de &#8216;Exterior y cambios&#8217;,<span class=\"more\"><a class=\"more-link\" href=\"https:\/\/www.adeba.com.ar\/en\/a-7782\/\">Seguir leyendo <span class=\"meta-nav\">&#8594;<\/span><\/a><\/span><\/p>\n","protected":false},"author":1,"featured_media":0,"comment_status":"closed","ping_status":"open","sticky":false,"template":"","format":"standard","meta":[],"categories":[5],"tags":[],"_links":{"self":[{"href":"https:\/\/www.adeba.com.ar\/en\/wp-json\/wp\/v2\/posts\/32707"}],"collection":[{"href":"https:\/\/www.adeba.com.ar\/en\/wp-json\/wp\/v2\/posts"}],"about":[{"href":"https:\/\/www.adeba.com.ar\/en\/wp-json\/wp\/v2\/types\/post"}],"author":[{"embeddable":true,"href":"https:\/\/www.adeba.com.ar\/en\/wp-json\/wp\/v2\/users\/1"}],"replies":[{"embeddable":true,"href":"https:\/\/www.adeba.com.ar\/en\/wp-json\/wp\/v2\/comments?post=32707"}],"version-history":[{"count":1,"href":"https:\/\/www.adeba.com.ar\/en\/wp-json\/wp\/v2\/posts\/32707\/revisions"}],"predecessor-version":[{"id":32708,"href":"https:\/\/www.adeba.com.ar\/en\/wp-json\/wp\/v2\/posts\/32707\/revisions\/32708"}],"wp:attachment":[{"href":"https:\/\/www.adeba.com.ar\/en\/wp-json\/wp\/v2\/media?parent=32707"}],"wp:term":[{"taxonomy":"category","embeddable":true,"href":"https:\/\/www.adeba.com.ar\/en\/wp-json\/wp\/v2\/categories?post=32707"},{"taxonomy":"post_tag","embeddable":true,"href":"https:\/\/www.adeba.com.ar\/en\/wp-json\/wp\/v2\/tags?post=32707"}],"curies":[{"name":"wp","href":"https:\/\/api.w.org\/{rel}","templated":true}]}}