{"id":32490,"date":"2023-05-23T16:02:03","date_gmt":"2023-05-23T19:02:03","guid":{"rendered":"https:\/\/www.adeba.com.ar\/?p=32490"},"modified":"2023-05-25T16:02:19","modified_gmt":"2023-05-25T19:02:19","slug":"resolucion-de-la-secretaria-de-seguridad-social-7-2023","status":"publish","type":"post","link":"https:\/\/www.adeba.com.ar\/en\/resolucion-de-la-secretaria-de-seguridad-social-7-2023\/","title":{"rendered":"Resoluci\u00f3n de la Secretar\u00eda de Seguridad Social 7\/2023"},"content":{"rendered":"\n<figure class=\"wp-block-table\"><table><tbody><tr><td><strong>\u00cdndice de actualizaci\u00f3n de las remuneraciones mensuales percibidas por los trabajadores en relaci\u00f3n de dependencia<\/strong><\/td><\/tr><tr><td>El secretario de Seguridad Social establece el \u00edndice combinado previsto en el art\u00edculo 2\u00ba de la Ley N\u00b0 26.417, y sus modificatorias, para la actualizaci\u00f3n de las remuneraciones mensuales percibidas por los trabajadores en relaci\u00f3n de dependencia que&nbsp;cesen desde el 31 de mayo de 2023 o soliciten su beneficio desde el 1\u00b0 de junio de 2023.<\/td><\/tr><\/tbody><\/table><\/figure>\n","protected":false},"excerpt":{"rendered":"<p>\u00cdndice de actualizaci\u00f3n de las remuneraciones mensuales percibidas por los trabajadores en relaci\u00f3n de dependencia El secretario de Seguridad Social establece el \u00edndice combinado previsto en el art\u00edculo 2\u00ba de<span class=\"more\"><a class=\"more-link\" href=\"https:\/\/www.adeba.com.ar\/en\/resolucion-de-la-secretaria-de-seguridad-social-7-2023\/\">Seguir leyendo <span class=\"meta-nav\">&#8594;<\/span><\/a><\/span><\/p>\n","protected":false},"author":1,"featured_media":0,"comment_status":"closed","ping_status":"open","sticky":false,"template":"","format":"standard","meta":[],"categories":[5],"tags":[],"_links":{"self":[{"href":"https:\/\/www.adeba.com.ar\/en\/wp-json\/wp\/v2\/posts\/32490"}],"collection":[{"href":"https:\/\/www.adeba.com.ar\/en\/wp-json\/wp\/v2\/posts"}],"about":[{"href":"https:\/\/www.adeba.com.ar\/en\/wp-json\/wp\/v2\/types\/post"}],"author":[{"embeddable":true,"href":"https:\/\/www.adeba.com.ar\/en\/wp-json\/wp\/v2\/users\/1"}],"replies":[{"embeddable":true,"href":"https:\/\/www.adeba.com.ar\/en\/wp-json\/wp\/v2\/comments?post=32490"}],"version-history":[{"count":1,"href":"https:\/\/www.adeba.com.ar\/en\/wp-json\/wp\/v2\/posts\/32490\/revisions"}],"predecessor-version":[{"id":32491,"href":"https:\/\/www.adeba.com.ar\/en\/wp-json\/wp\/v2\/posts\/32490\/revisions\/32491"}],"wp:attachment":[{"href":"https:\/\/www.adeba.com.ar\/en\/wp-json\/wp\/v2\/media?parent=32490"}],"wp:term":[{"taxonomy":"category","embeddable":true,"href":"https:\/\/www.adeba.com.ar\/en\/wp-json\/wp\/v2\/categories?post=32490"},{"taxonomy":"post_tag","embeddable":true,"href":"https:\/\/www.adeba.com.ar\/en\/wp-json\/wp\/v2\/tags?post=32490"}],"curies":[{"name":"wp","href":"https:\/\/api.w.org\/{rel}","templated":true}]}}