{"id":32482,"date":"2023-05-23T15:59:01","date_gmt":"2023-05-23T18:59:01","guid":{"rendered":"https:\/\/www.adeba.com.ar\/?p=32482"},"modified":"2023-05-25T15:59:22","modified_gmt":"2023-05-25T18:59:22","slug":"entre-rios-decreto-provincial-1313-2023","status":"publish","type":"post","link":"https:\/\/www.adeba.com.ar\/en\/entre-rios-decreto-provincial-1313-2023\/","title":{"rendered":"\u00a0Entre R\u00edos Decreto Provincial 1313\/2023\u00a0"},"content":{"rendered":"\n<p>R\u00e9gimen especial de regularizaci\u00f3n fiscal para la cancelaci\u00f3n de obligaciones adeudadas en concepto de tributos administrados por la Administradora Tributaria de Entre Rios<\/p>\n","protected":false},"excerpt":{"rendered":"<p>R\u00e9gimen especial de regularizaci\u00f3n fiscal para la cancelaci\u00f3n de obligaciones adeudadas en concepto de tributos administrados por la Administradora Tributaria de Entre Rios<\/p>\n","protected":false},"author":1,"featured_media":0,"comment_status":"closed","ping_status":"open","sticky":false,"template":"","format":"standard","meta":[],"categories":[5],"tags":[],"_links":{"self":[{"href":"https:\/\/www.adeba.com.ar\/en\/wp-json\/wp\/v2\/posts\/32482"}],"collection":[{"href":"https:\/\/www.adeba.com.ar\/en\/wp-json\/wp\/v2\/posts"}],"about":[{"href":"https:\/\/www.adeba.com.ar\/en\/wp-json\/wp\/v2\/types\/post"}],"author":[{"embeddable":true,"href":"https:\/\/www.adeba.com.ar\/en\/wp-json\/wp\/v2\/users\/1"}],"replies":[{"embeddable":true,"href":"https:\/\/www.adeba.com.ar\/en\/wp-json\/wp\/v2\/comments?post=32482"}],"version-history":[{"count":1,"href":"https:\/\/www.adeba.com.ar\/en\/wp-json\/wp\/v2\/posts\/32482\/revisions"}],"predecessor-version":[{"id":32483,"href":"https:\/\/www.adeba.com.ar\/en\/wp-json\/wp\/v2\/posts\/32482\/revisions\/32483"}],"wp:attachment":[{"href":"https:\/\/www.adeba.com.ar\/en\/wp-json\/wp\/v2\/media?parent=32482"}],"wp:term":[{"taxonomy":"category","embeddable":true,"href":"https:\/\/www.adeba.com.ar\/en\/wp-json\/wp\/v2\/categories?post=32482"},{"taxonomy":"post_tag","embeddable":true,"href":"https:\/\/www.adeba.com.ar\/en\/wp-json\/wp\/v2\/tags?post=32482"}],"curies":[{"name":"wp","href":"https:\/\/api.w.org\/{rel}","templated":true}]}}