{"id":32292,"date":"2023-05-10T13:28:45","date_gmt":"2023-05-10T16:28:45","guid":{"rendered":"https:\/\/www.adeba.com.ar\/?p=32292"},"modified":"2023-05-12T13:28:57","modified_gmt":"2023-05-12T16:28:57","slug":"tucuman-decreto-provincial-1410-2023","status":"publish","type":"post","link":"https:\/\/www.adeba.com.ar\/en\/tucuman-decreto-provincial-1410-2023\/","title":{"rendered":"Tucum\u00e1n Decreto Provincial 1410\/2023"},"content":{"rendered":"<p>Pr\u00f3rroga del r\u00e9gimen de regularizaci\u00f3n de deudas fiscales hasta el 31 de mayo de 2023<\/p>\n","protected":false},"excerpt":{"rendered":"<p>Pr\u00f3rroga del r\u00e9gimen de regularizaci\u00f3n de deudas fiscales hasta el 31 de mayo de 2023<\/p>\n","protected":false},"author":1,"featured_media":0,"comment_status":"closed","ping_status":"open","sticky":false,"template":"","format":"standard","meta":[],"categories":[5],"tags":[],"_links":{"self":[{"href":"https:\/\/www.adeba.com.ar\/en\/wp-json\/wp\/v2\/posts\/32292"}],"collection":[{"href":"https:\/\/www.adeba.com.ar\/en\/wp-json\/wp\/v2\/posts"}],"about":[{"href":"https:\/\/www.adeba.com.ar\/en\/wp-json\/wp\/v2\/types\/post"}],"author":[{"embeddable":true,"href":"https:\/\/www.adeba.com.ar\/en\/wp-json\/wp\/v2\/users\/1"}],"replies":[{"embeddable":true,"href":"https:\/\/www.adeba.com.ar\/en\/wp-json\/wp\/v2\/comments?post=32292"}],"version-history":[{"count":2,"href":"https:\/\/www.adeba.com.ar\/en\/wp-json\/wp\/v2\/posts\/32292\/revisions"}],"predecessor-version":[{"id":32294,"href":"https:\/\/www.adeba.com.ar\/en\/wp-json\/wp\/v2\/posts\/32292\/revisions\/32294"}],"wp:attachment":[{"href":"https:\/\/www.adeba.com.ar\/en\/wp-json\/wp\/v2\/media?parent=32292"}],"wp:term":[{"taxonomy":"category","embeddable":true,"href":"https:\/\/www.adeba.com.ar\/en\/wp-json\/wp\/v2\/categories?post=32292"},{"taxonomy":"post_tag","embeddable":true,"href":"https:\/\/www.adeba.com.ar\/en\/wp-json\/wp\/v2\/tags?post=32292"}],"curies":[{"name":"wp","href":"https:\/\/api.w.org\/{rel}","templated":true}]}}