{"id":32256,"date":"2023-05-08T13:24:13","date_gmt":"2023-05-08T16:24:13","guid":{"rendered":"https:\/\/www.adeba.com.ar\/?p=32256"},"modified":"2023-05-12T13:24:24","modified_gmt":"2023-05-12T16:24:24","slug":"resolucion-general-de-la-administracion-federal-de-ingresos-publicos-5355-2023","status":"publish","type":"post","link":"https:\/\/www.adeba.com.ar\/en\/resolucion-general-de-la-administracion-federal-de-ingresos-publicos-5355-2023\/","title":{"rendered":"Resoluci\u00f3n General de la Administraci\u00f3n Federal de Ingresos P\u00fablicos 5355\/2023"},"content":{"rendered":"<p>Delimitaci\u00f3n de la Zona Primaria Aduanera del Puerto de Santa Fe, en jurisdicci\u00f3n de la Divisi\u00f3n Aduana Santa Fe. Resoluci\u00f3n General N\u00ba 3.481. Su modificaci\u00f3n.<\/p>\n","protected":false},"excerpt":{"rendered":"<p>Delimitaci\u00f3n de la Zona Primaria Aduanera del Puerto de Santa Fe, en jurisdicci\u00f3n de la Divisi\u00f3n Aduana Santa Fe. Resoluci\u00f3n General N\u00ba 3.481. Su modificaci\u00f3n.<\/p>\n","protected":false},"author":1,"featured_media":0,"comment_status":"closed","ping_status":"open","sticky":false,"template":"","format":"standard","meta":[],"categories":[5],"tags":[],"_links":{"self":[{"href":"https:\/\/www.adeba.com.ar\/en\/wp-json\/wp\/v2\/posts\/32256"}],"collection":[{"href":"https:\/\/www.adeba.com.ar\/en\/wp-json\/wp\/v2\/posts"}],"about":[{"href":"https:\/\/www.adeba.com.ar\/en\/wp-json\/wp\/v2\/types\/post"}],"author":[{"embeddable":true,"href":"https:\/\/www.adeba.com.ar\/en\/wp-json\/wp\/v2\/users\/1"}],"replies":[{"embeddable":true,"href":"https:\/\/www.adeba.com.ar\/en\/wp-json\/wp\/v2\/comments?post=32256"}],"version-history":[{"count":2,"href":"https:\/\/www.adeba.com.ar\/en\/wp-json\/wp\/v2\/posts\/32256\/revisions"}],"predecessor-version":[{"id":32258,"href":"https:\/\/www.adeba.com.ar\/en\/wp-json\/wp\/v2\/posts\/32256\/revisions\/32258"}],"wp:attachment":[{"href":"https:\/\/www.adeba.com.ar\/en\/wp-json\/wp\/v2\/media?parent=32256"}],"wp:term":[{"taxonomy":"category","embeddable":true,"href":"https:\/\/www.adeba.com.ar\/en\/wp-json\/wp\/v2\/categories?post=32256"},{"taxonomy":"post_tag","embeddable":true,"href":"https:\/\/www.adeba.com.ar\/en\/wp-json\/wp\/v2\/tags?post=32256"}],"curies":[{"name":"wp","href":"https:\/\/api.w.org\/{rel}","templated":true}]}}