{"id":32190,"date":"2023-05-04T16:11:58","date_gmt":"2023-05-04T19:11:58","guid":{"rendered":"https:\/\/www.adeba.com.ar\/?p=32190"},"modified":"2023-05-04T16:11:58","modified_gmt":"2023-05-04T19:11:58","slug":"resolucion-de-la-uif-72-2023","status":"publish","type":"post","link":"https:\/\/www.adeba.com.ar\/en\/resolucion-de-la-uif-72-2023\/","title":{"rendered":"Resoluci\u00f3n de la UIF 72\/2023"},"content":{"rendered":"<table style=\"font-weight: 400;\" width=\"100%\">\n<tbody>\n<tr>\n<td><strong>Reglamentaci\u00f3n del deber de colaboraci\u00f3n de los organismos de contralor espec\u00edfico: Banco Central de la Rep\u00fablica Argentina, Comisi\u00f3n Nacional de Valores, Superintendencia de Seguros de la Naci\u00f3n e Instituto Nacional de Asociativismo y Econom\u00eda Socia<\/strong><\/td>\n<\/tr>\n<tr>\n<td>El presidente de la Unidad de Informaci\u00f3n Financiera aprueba la &#8216;<strong>Reglamentaci\u00f3n del Deber de Colaboraci\u00f3n de los Organismos de contralor Espec\u00edfico<\/strong>: Banco Central de la Rep\u00fablica Argentina, Comisi\u00f3n Nacional de Valores, Superintendencia de Seguros de la Naci\u00f3n e Instituto Nacional de Asociativismo y Econom\u00eda Social, para los\u00a0<u>Procedimientos de Supervisi\u00f3n de los Sujetos Obligados bajo su Contralor<\/u>&#8216;.\u00a0Adem\u00e1s, aprueba el &#8216;<strong>Reglamento de las Mesas de Trabajo<\/strong>&#8216;, y el &#8216;<strong>Modelo de Informe T\u00e9cnico Final Organismos de Contralor Espec\u00edficos<\/strong>&#8216; que deber\u00e1n utilizar como referencia los Organismos de Contralor Espec\u00edficos para la confecci\u00f3n de los Informes T\u00e9cnicos Finales, remitidos a la UIF en el marco del deber de colaboraci\u00f3n en materia de supervisi\u00f3n.<\/td>\n<\/tr>\n<\/tbody>\n<\/table>\n<p>&nbsp;<\/p>\n","protected":false},"excerpt":{"rendered":"<p>Reglamentaci\u00f3n del deber de colaboraci\u00f3n de los organismos de contralor espec\u00edfico: Banco Central de la Rep\u00fablica Argentina, Comisi\u00f3n Nacional de Valores, Superintendencia de Seguros de la Naci\u00f3n e Instituto Nacional<span class=\"more\"><a class=\"more-link\" href=\"https:\/\/www.adeba.com.ar\/en\/resolucion-de-la-uif-72-2023\/\">Seguir leyendo <span class=\"meta-nav\">&#8594;<\/span><\/a><\/span><\/p>\n","protected":false},"author":1,"featured_media":0,"comment_status":"closed","ping_status":"open","sticky":false,"template":"","format":"standard","meta":[],"categories":[5],"tags":[],"_links":{"self":[{"href":"https:\/\/www.adeba.com.ar\/en\/wp-json\/wp\/v2\/posts\/32190"}],"collection":[{"href":"https:\/\/www.adeba.com.ar\/en\/wp-json\/wp\/v2\/posts"}],"about":[{"href":"https:\/\/www.adeba.com.ar\/en\/wp-json\/wp\/v2\/types\/post"}],"author":[{"embeddable":true,"href":"https:\/\/www.adeba.com.ar\/en\/wp-json\/wp\/v2\/users\/1"}],"replies":[{"embeddable":true,"href":"https:\/\/www.adeba.com.ar\/en\/wp-json\/wp\/v2\/comments?post=32190"}],"version-history":[{"count":2,"href":"https:\/\/www.adeba.com.ar\/en\/wp-json\/wp\/v2\/posts\/32190\/revisions"}],"predecessor-version":[{"id":32192,"href":"https:\/\/www.adeba.com.ar\/en\/wp-json\/wp\/v2\/posts\/32190\/revisions\/32192"}],"wp:attachment":[{"href":"https:\/\/www.adeba.com.ar\/en\/wp-json\/wp\/v2\/media?parent=32190"}],"wp:term":[{"taxonomy":"category","embeddable":true,"href":"https:\/\/www.adeba.com.ar\/en\/wp-json\/wp\/v2\/categories?post=32190"},{"taxonomy":"post_tag","embeddable":true,"href":"https:\/\/www.adeba.com.ar\/en\/wp-json\/wp\/v2\/tags?post=32190"}],"curies":[{"name":"wp","href":"https:\/\/api.w.org\/{rel}","templated":true}]}}