{"id":30918,"date":"2023-02-22T11:27:43","date_gmt":"2023-02-22T14:27:43","guid":{"rendered":"https:\/\/www.adeba.com.ar\/?p=30918"},"modified":"2023-02-22T11:27:43","modified_gmt":"2023-02-22T14:27:43","slug":"decreto-85-2023","status":"publish","type":"post","link":"https:\/\/www.adeba.com.ar\/en\/decreto-85-2023\/","title":{"rendered":"Decreto 85\/2023"},"content":{"rendered":"<table border=\"0\" width=\"100%\" cellspacing=\"0\" cellpadding=\"0\">\n<tbody>\n<tr>\n<td valign=\"top\"><b>Decreto N\u00ba 290\/2007. Modificaci\u00f3n.<\/b><u><\/u><u><\/u><\/td>\n<\/tr>\n<tr>\n<td valign=\"top\">El Poder Ejecutivo sustituye el art\u00edculo 7\u00b0 del Anexo I del Decreto N\u00b0290 de 2007, por el que se indica en el presente.\u00a0El mismo, reglamenta el art\u00edculo de la Ley 25.246 que establece que la Unidad de Informaci\u00f3n Financiera tendr\u00e1 su domicilio en la Capital de la Rep\u00fablica y podr\u00e1 establecer agencias regionales en el resto del pa\u00eds, y en este caso dispone que a los fines de esta Reglamentaci\u00f3n, el territorio nacional quedar\u00e1 integrado por las Regiones indicadas en el presente,\u00a0<u>pudiendo constituirse la cantidad de sedes que resultare menester en cada Regi\u00f3n en funci\u00f3n de los requerimientos operativos necesarios para la optimizaci\u00f3n de las competencias de la UIF<\/u>.<\/td>\n<\/tr>\n<\/tbody>\n<\/table>\n","protected":false},"excerpt":{"rendered":"<p>Decreto N\u00ba 290\/2007. Modificaci\u00f3n. El Poder Ejecutivo sustituye el art\u00edculo 7\u00b0 del Anexo I del Decreto N\u00b0290 de 2007, por el que se indica en el presente.\u00a0El mismo, reglamenta el<span class=\"more\"><a class=\"more-link\" href=\"https:\/\/www.adeba.com.ar\/en\/decreto-85-2023\/\">Seguir leyendo <span class=\"meta-nav\">&#8594;<\/span><\/a><\/span><\/p>\n","protected":false},"author":1,"featured_media":0,"comment_status":"closed","ping_status":"open","sticky":false,"template":"","format":"standard","meta":[],"categories":[5],"tags":[],"_links":{"self":[{"href":"https:\/\/www.adeba.com.ar\/en\/wp-json\/wp\/v2\/posts\/30918"}],"collection":[{"href":"https:\/\/www.adeba.com.ar\/en\/wp-json\/wp\/v2\/posts"}],"about":[{"href":"https:\/\/www.adeba.com.ar\/en\/wp-json\/wp\/v2\/types\/post"}],"author":[{"embeddable":true,"href":"https:\/\/www.adeba.com.ar\/en\/wp-json\/wp\/v2\/users\/1"}],"replies":[{"embeddable":true,"href":"https:\/\/www.adeba.com.ar\/en\/wp-json\/wp\/v2\/comments?post=30918"}],"version-history":[{"count":2,"href":"https:\/\/www.adeba.com.ar\/en\/wp-json\/wp\/v2\/posts\/30918\/revisions"}],"predecessor-version":[{"id":30920,"href":"https:\/\/www.adeba.com.ar\/en\/wp-json\/wp\/v2\/posts\/30918\/revisions\/30920"}],"wp:attachment":[{"href":"https:\/\/www.adeba.com.ar\/en\/wp-json\/wp\/v2\/media?parent=30918"}],"wp:term":[{"taxonomy":"category","embeddable":true,"href":"https:\/\/www.adeba.com.ar\/en\/wp-json\/wp\/v2\/categories?post=30918"},{"taxonomy":"post_tag","embeddable":true,"href":"https:\/\/www.adeba.com.ar\/en\/wp-json\/wp\/v2\/tags?post=30918"}],"curies":[{"name":"wp","href":"https:\/\/api.w.org\/{rel}","templated":true}]}}