{"id":30197,"date":"2023-01-12T18:03:59","date_gmt":"2023-01-12T21:03:59","guid":{"rendered":"https:\/\/www.adeba.com.ar\/?p=30197"},"modified":"2023-01-13T18:04:11","modified_gmt":"2023-01-13T21:04:11","slug":"resolucion-del-ministerio-de-trabajo-empleo-y-seguridad-social-3-2023","status":"publish","type":"post","link":"https:\/\/www.adeba.com.ar\/en\/resolucion-del-ministerio-de-trabajo-empleo-y-seguridad-social-3-2023\/","title":{"rendered":"Resoluci\u00f3n del Ministerio de Trabajo, Empleo y Seguridad Social 3\/2023"},"content":{"rendered":"<p>REPRO. Fechas de inscripci\u00f3n, de facturaci\u00f3n y de n\u00f3mina (F-931). Cortes de actualizaci\u00f3n de C.B.U. y cortes de bajas en n\u00f3mina<\/p>\n","protected":false},"excerpt":{"rendered":"<p>REPRO. Fechas de inscripci\u00f3n, de facturaci\u00f3n y de n\u00f3mina (F-931). Cortes de actualizaci\u00f3n de C.B.U. y cortes de bajas en n\u00f3mina<\/p>\n","protected":false},"author":1,"featured_media":0,"comment_status":"closed","ping_status":"open","sticky":false,"template":"","format":"standard","meta":[],"categories":[5],"tags":[],"_links":{"self":[{"href":"https:\/\/www.adeba.com.ar\/en\/wp-json\/wp\/v2\/posts\/30197"}],"collection":[{"href":"https:\/\/www.adeba.com.ar\/en\/wp-json\/wp\/v2\/posts"}],"about":[{"href":"https:\/\/www.adeba.com.ar\/en\/wp-json\/wp\/v2\/types\/post"}],"author":[{"embeddable":true,"href":"https:\/\/www.adeba.com.ar\/en\/wp-json\/wp\/v2\/users\/1"}],"replies":[{"embeddable":true,"href":"https:\/\/www.adeba.com.ar\/en\/wp-json\/wp\/v2\/comments?post=30197"}],"version-history":[{"count":2,"href":"https:\/\/www.adeba.com.ar\/en\/wp-json\/wp\/v2\/posts\/30197\/revisions"}],"predecessor-version":[{"id":30199,"href":"https:\/\/www.adeba.com.ar\/en\/wp-json\/wp\/v2\/posts\/30197\/revisions\/30199"}],"wp:attachment":[{"href":"https:\/\/www.adeba.com.ar\/en\/wp-json\/wp\/v2\/media?parent=30197"}],"wp:term":[{"taxonomy":"category","embeddable":true,"href":"https:\/\/www.adeba.com.ar\/en\/wp-json\/wp\/v2\/categories?post=30197"},{"taxonomy":"post_tag","embeddable":true,"href":"https:\/\/www.adeba.com.ar\/en\/wp-json\/wp\/v2\/tags?post=30197"}],"curies":[{"name":"wp","href":"https:\/\/api.w.org\/{rel}","templated":true}]}}