{"id":30188,"date":"2023-01-12T18:03:03","date_gmt":"2023-01-12T21:03:03","guid":{"rendered":"https:\/\/www.adeba.com.ar\/?p=30188"},"modified":"2023-01-13T18:03:16","modified_gmt":"2023-01-13T21:03:16","slug":"tucuman-decreto-provincial-4546-2022","status":"publish","type":"post","link":"https:\/\/www.adeba.com.ar\/en\/tucuman-decreto-provincial-4546-2022\/","title":{"rendered":"Tucum\u00e1n Decreto Provincial 4546\/2022"},"content":{"rendered":"<p>Pr\u00f3rroga del r\u00e9gimen de regularizaci\u00f3n de deudas fiscales hasta el 31 de enero de 2023<\/p>\n","protected":false},"excerpt":{"rendered":"<p>Pr\u00f3rroga del r\u00e9gimen de regularizaci\u00f3n de deudas fiscales hasta el 31 de enero de 2023<\/p>\n","protected":false},"author":1,"featured_media":0,"comment_status":"closed","ping_status":"open","sticky":false,"template":"","format":"standard","meta":[],"categories":[5],"tags":[],"_links":{"self":[{"href":"https:\/\/www.adeba.com.ar\/en\/wp-json\/wp\/v2\/posts\/30188"}],"collection":[{"href":"https:\/\/www.adeba.com.ar\/en\/wp-json\/wp\/v2\/posts"}],"about":[{"href":"https:\/\/www.adeba.com.ar\/en\/wp-json\/wp\/v2\/types\/post"}],"author":[{"embeddable":true,"href":"https:\/\/www.adeba.com.ar\/en\/wp-json\/wp\/v2\/users\/1"}],"replies":[{"embeddable":true,"href":"https:\/\/www.adeba.com.ar\/en\/wp-json\/wp\/v2\/comments?post=30188"}],"version-history":[{"count":2,"href":"https:\/\/www.adeba.com.ar\/en\/wp-json\/wp\/v2\/posts\/30188\/revisions"}],"predecessor-version":[{"id":30190,"href":"https:\/\/www.adeba.com.ar\/en\/wp-json\/wp\/v2\/posts\/30188\/revisions\/30190"}],"wp:attachment":[{"href":"https:\/\/www.adeba.com.ar\/en\/wp-json\/wp\/v2\/media?parent=30188"}],"wp:term":[{"taxonomy":"category","embeddable":true,"href":"https:\/\/www.adeba.com.ar\/en\/wp-json\/wp\/v2\/categories?post=30188"},{"taxonomy":"post_tag","embeddable":true,"href":"https:\/\/www.adeba.com.ar\/en\/wp-json\/wp\/v2\/tags?post=30188"}],"curies":[{"name":"wp","href":"https:\/\/api.w.org\/{rel}","templated":true}]}}