{"id":30179,"date":"2023-01-11T11:04:24","date_gmt":"2023-01-11T14:04:24","guid":{"rendered":"https:\/\/www.adeba.com.ar\/?p=30179"},"modified":"2023-01-11T11:04:24","modified_gmt":"2023-01-11T14:04:24","slug":"resolucion-del-ministerio-de-economia-9-2023","status":"publish","type":"post","link":"https:\/\/www.adeba.com.ar\/en\/resolucion-del-ministerio-de-economia-9-2023\/","title":{"rendered":"Resoluci\u00f3n del Ministerio de Econom\u00eda 9\/2023"},"content":{"rendered":"<table border=\"0\" width=\"100%\" cellspacing=\"0\" cellpadding=\"0\">\n<tbody>\n<tr>\n<td valign=\"top\"><b>Provincia de Mendoza. Estado de emergencia y\/o desastre agropecuario<\/b><u><\/u><u><\/u><\/td>\n<\/tr>\n<tr>\n<td valign=\"top\">A los efectos de la aplicaci\u00f3n de la\u00a0<a href=\"https:\/\/www.normasfinancieras.com\/vsr\/jump.aspx?nm_origen=MailSintesis&#038;entorno=NO&#038;nm_accion=LinkDoc&#038;link=N75841\" target=\"_blank\" rel=\"noopener\" data-saferedirecturl=\"https:\/\/www.google.com\/url?q=https:\/\/www.normasfinancieras.com\/vsr\/jump.aspx?nm_origen%3DMailSintesis%26entorno%3DNO%26nm_accion%3DLinkDoc%26link%3DN75841&#038;source=gmail&#038;ust=1673532090270000&#038;usg=AOvVaw11irdugXfuDou8kA8Mqn6V\">Ley N\u00ba 26.509<\/a>, el ministro de econom\u00eda declara el estado de emergencia y\/o desastre agropecuario, seg\u00fan corresponda, en la provincia de Mendoza\u00a0<u>desde el 1\u00ba de diciembre de 2022 al 31 de marzo de 2024<\/u>, a las explotaciones agr\u00edcolas afectadas por heladas en los departamentos y distritos que se detallan en la presente.\u00a0<u>Las instituciones bancarias nacionales y la AFIP arbitrar\u00e1n los medios necesarios para que los productores agropecuarios comprendidos en la presente resoluci\u00f3n gocen de los beneficios previstos en los Art\u00edculos 22 y 23 de la\u00a0<a href=\"https:\/\/www.normasfinancieras.com\/vsr\/jump.aspx?nm_origen=MailSintesis&#038;entorno=NO&#038;nm_accion=LinkDoc&#038;link=N75841\" target=\"_blank\" rel=\"noopener\" data-saferedirecturl=\"https:\/\/www.google.com\/url?q=https:\/\/www.normasfinancieras.com\/vsr\/jump.aspx?nm_origen%3DMailSintesis%26entorno%3DNO%26nm_accion%3DLinkDoc%26link%3DN75841&#038;source=gmail&#038;ust=1673532090270000&#038;usg=AOvVaw11irdugXfuDou8kA8Mqn6V\">Ley N\u00ba 26.509<\/a><\/u>.<\/td>\n<\/tr>\n<\/tbody>\n<\/table>\n","protected":false},"excerpt":{"rendered":"<p>Provincia de Mendoza. Estado de emergencia y\/o desastre agropecuario A los efectos de la aplicaci\u00f3n de la\u00a0Ley N\u00ba 26.509, el ministro de econom\u00eda declara el estado de emergencia y\/o desastre<span class=\"more\"><a class=\"more-link\" href=\"https:\/\/www.adeba.com.ar\/en\/resolucion-del-ministerio-de-economia-9-2023\/\">Seguir leyendo <span class=\"meta-nav\">&#8594;<\/span><\/a><\/span><\/p>\n","protected":false},"author":1,"featured_media":0,"comment_status":"closed","ping_status":"open","sticky":false,"template":"","format":"standard","meta":[],"categories":[5],"tags":[],"_links":{"self":[{"href":"https:\/\/www.adeba.com.ar\/en\/wp-json\/wp\/v2\/posts\/30179"}],"collection":[{"href":"https:\/\/www.adeba.com.ar\/en\/wp-json\/wp\/v2\/posts"}],"about":[{"href":"https:\/\/www.adeba.com.ar\/en\/wp-json\/wp\/v2\/types\/post"}],"author":[{"embeddable":true,"href":"https:\/\/www.adeba.com.ar\/en\/wp-json\/wp\/v2\/users\/1"}],"replies":[{"embeddable":true,"href":"https:\/\/www.adeba.com.ar\/en\/wp-json\/wp\/v2\/comments?post=30179"}],"version-history":[{"count":2,"href":"https:\/\/www.adeba.com.ar\/en\/wp-json\/wp\/v2\/posts\/30179\/revisions"}],"predecessor-version":[{"id":30181,"href":"https:\/\/www.adeba.com.ar\/en\/wp-json\/wp\/v2\/posts\/30179\/revisions\/30181"}],"wp:attachment":[{"href":"https:\/\/www.adeba.com.ar\/en\/wp-json\/wp\/v2\/media?parent=30179"}],"wp:term":[{"taxonomy":"category","embeddable":true,"href":"https:\/\/www.adeba.com.ar\/en\/wp-json\/wp\/v2\/categories?post=30179"},{"taxonomy":"post_tag","embeddable":true,"href":"https:\/\/www.adeba.com.ar\/en\/wp-json\/wp\/v2\/tags?post=30179"}],"curies":[{"name":"wp","href":"https:\/\/api.w.org\/{rel}","templated":true}]}}