{"id":30103,"date":"2023-01-06T11:54:58","date_gmt":"2023-01-06T14:54:58","guid":{"rendered":"https:\/\/www.adeba.com.ar\/?p=30103"},"modified":"2023-01-09T11:55:11","modified_gmt":"2023-01-09T14:55:11","slug":"decreto-5-2023","status":"publish","type":"post","link":"https:\/\/www.adeba.com.ar\/en\/decreto-5-2023\/","title":{"rendered":"Decreto 5\/2023"},"content":{"rendered":"<table border=\"0\" width=\"100%\" cellspacing=\"0\" cellpadding=\"0\">\n<tbody>\n<tr>\n<td valign=\"top\"><b>Seguridad Social. Disposiciones.<\/b><u><\/u><u><\/u><\/td>\n<\/tr>\n<tr>\n<td valign=\"top\"><span class=\"m_2737908211093329232s7\">Disponen una medida para el efectivo acceso a los recursos de la seguridad social de todo ni\u00f1o, ni\u00f1a y adolescente respecto del o de la cual se hubiera adoptado una medida de protecci\u00f3n excepcional y permanezca en dispositivos residenciales de cuidado, de gesti\u00f3n p\u00fablica o privada, o en dispositivos familiares de cuidado.\u00a0<\/span><span class=\"m_2737908211093329232s8\">Para ello, habilitan el pago mensual de un prestaci\u00f3n para la cual la Administraci\u00f3n Nacional de la Seguridad Social (ANSES)\u00a0<u>solicitar\u00e1 a las Entidades Financieras con las que tenga convenios de pagos vigentes, la apertura de una cuenta bancaria para el dep\u00f3sito de la misma<\/u>.\u00a0<\/span><span class=\"m_2737908211093329232s7\">En supuestos de ni\u00f1os y ni\u00f1as hasta los 12 a\u00f1os de edad inclusive, la cuenta bancaria estar\u00e1 a nombre de un referente designado por el \u00f3rgano administrativo competente local, que ser\u00e1 la \u00fanica persona habilitada para administrar y disponer de los fondos.\u00a0<\/span><span class=\"m_2737908211093329232s8\">A partir de los 13 a\u00f1os de edad, si el \u00f3rgano administrativo competente local considerase que el adolescente cuenta con el grado de madurez suficiente para percibir y administrar por s\u00ed mismo la asignaci\u00f3n correspondiente, se proceder\u00e1 a poner el pago a su nombre, con los requisitos y en los t\u00e9rminos que establezcan las normas que dicte la autoridad competente para su implementaci\u00f3n.<\/span><\/td>\n<\/tr>\n<\/tbody>\n<\/table>\n","protected":false},"excerpt":{"rendered":"<p>Seguridad Social. Disposiciones. Disponen una medida para el efectivo acceso a los recursos de la seguridad social de todo ni\u00f1o, ni\u00f1a y adolescente respecto del o de la cual se<span class=\"more\"><a class=\"more-link\" href=\"https:\/\/www.adeba.com.ar\/en\/decreto-5-2023\/\">Seguir leyendo <span class=\"meta-nav\">&#8594;<\/span><\/a><\/span><\/p>\n","protected":false},"author":1,"featured_media":0,"comment_status":"closed","ping_status":"open","sticky":false,"template":"","format":"standard","meta":[],"categories":[5],"tags":[],"_links":{"self":[{"href":"https:\/\/www.adeba.com.ar\/en\/wp-json\/wp\/v2\/posts\/30103"}],"collection":[{"href":"https:\/\/www.adeba.com.ar\/en\/wp-json\/wp\/v2\/posts"}],"about":[{"href":"https:\/\/www.adeba.com.ar\/en\/wp-json\/wp\/v2\/types\/post"}],"author":[{"embeddable":true,"href":"https:\/\/www.adeba.com.ar\/en\/wp-json\/wp\/v2\/users\/1"}],"replies":[{"embeddable":true,"href":"https:\/\/www.adeba.com.ar\/en\/wp-json\/wp\/v2\/comments?post=30103"}],"version-history":[{"count":2,"href":"https:\/\/www.adeba.com.ar\/en\/wp-json\/wp\/v2\/posts\/30103\/revisions"}],"predecessor-version":[{"id":30105,"href":"https:\/\/www.adeba.com.ar\/en\/wp-json\/wp\/v2\/posts\/30103\/revisions\/30105"}],"wp:attachment":[{"href":"https:\/\/www.adeba.com.ar\/en\/wp-json\/wp\/v2\/media?parent=30103"}],"wp:term":[{"taxonomy":"category","embeddable":true,"href":"https:\/\/www.adeba.com.ar\/en\/wp-json\/wp\/v2\/categories?post=30103"},{"taxonomy":"post_tag","embeddable":true,"href":"https:\/\/www.adeba.com.ar\/en\/wp-json\/wp\/v2\/tags?post=30103"}],"curies":[{"name":"wp","href":"https:\/\/api.w.org\/{rel}","templated":true}]}}