{"id":29962,"date":"2023-01-03T17:25:58","date_gmt":"2023-01-03T20:25:58","guid":{"rendered":"https:\/\/www.adeba.com.ar\/?p=29962"},"modified":"2023-01-03T17:25:58","modified_gmt":"2023-01-03T20:25:58","slug":"buenos-aires-disposicion-de-la-direccion-provincial-de-personas-juridicas-110-2022","status":"publish","type":"post","link":"https:\/\/www.adeba.com.ar\/en\/buenos-aires-disposicion-de-la-direccion-provincial-de-personas-juridicas-110-2022\/","title":{"rendered":"Buenos Aires Disposici\u00f3n de la Direcci\u00f3n Provincial de Personas Jur\u00eddicas 110\/2022"},"content":{"rendered":"<p>Habilitaci\u00f3n de feria del mes de enero de 2023 de la Direcci\u00f3n Provincial de Personas Jur\u00eddicas<\/p>\n","protected":false},"excerpt":{"rendered":"<p>Habilitaci\u00f3n de feria del mes de enero de 2023 de la Direcci\u00f3n Provincial de Personas Jur\u00eddicas<\/p>\n","protected":false},"author":1,"featured_media":0,"comment_status":"closed","ping_status":"open","sticky":false,"template":"","format":"standard","meta":[],"categories":[5],"tags":[],"_links":{"self":[{"href":"https:\/\/www.adeba.com.ar\/en\/wp-json\/wp\/v2\/posts\/29962"}],"collection":[{"href":"https:\/\/www.adeba.com.ar\/en\/wp-json\/wp\/v2\/posts"}],"about":[{"href":"https:\/\/www.adeba.com.ar\/en\/wp-json\/wp\/v2\/types\/post"}],"author":[{"embeddable":true,"href":"https:\/\/www.adeba.com.ar\/en\/wp-json\/wp\/v2\/users\/1"}],"replies":[{"embeddable":true,"href":"https:\/\/www.adeba.com.ar\/en\/wp-json\/wp\/v2\/comments?post=29962"}],"version-history":[{"count":2,"href":"https:\/\/www.adeba.com.ar\/en\/wp-json\/wp\/v2\/posts\/29962\/revisions"}],"predecessor-version":[{"id":29964,"href":"https:\/\/www.adeba.com.ar\/en\/wp-json\/wp\/v2\/posts\/29962\/revisions\/29964"}],"wp:attachment":[{"href":"https:\/\/www.adeba.com.ar\/en\/wp-json\/wp\/v2\/media?parent=29962"}],"wp:term":[{"taxonomy":"category","embeddable":true,"href":"https:\/\/www.adeba.com.ar\/en\/wp-json\/wp\/v2\/categories?post=29962"},{"taxonomy":"post_tag","embeddable":true,"href":"https:\/\/www.adeba.com.ar\/en\/wp-json\/wp\/v2\/tags?post=29962"}],"curies":[{"name":"wp","href":"https:\/\/api.w.org\/{rel}","templated":true}]}}