{"id":29390,"date":"2022-11-29T20:50:32","date_gmt":"2022-11-29T23:50:32","guid":{"rendered":"https:\/\/www.adeba.com.ar\/?p=29390"},"modified":"2022-11-29T20:50:32","modified_gmt":"2022-11-29T23:50:32","slug":"b-12431","status":"publish","type":"post","link":"https:\/\/www.adeba.com.ar\/en\/b-12431\/","title":{"rendered":"&#8216;B&#8217; 12431"},"content":{"rendered":"<table border=\"0\" width=\"100%\" cellspacing=\"0\" cellpadding=\"0\">\n<tbody>\n<tr>\n<td valign=\"top\"><b>Decreto N\u00b0 787\/22. Dep\u00f3sitos de ahorro, cuenta sueldo y especiales. Aclaraci\u00f3n.<\/b><u><\/u><u><\/u><\/td>\n<\/tr>\n<tr>\n<td valign=\"top\">El Banco Central\u00a0<strong>aclara<\/strong>\u00a0que corresponde utilizar las\u00a0<em>&#8216;Cuentas especiales para titulares con actividad agr\u00edcola&#8217;<\/em>\u00a0para los clientes residentes en el pa\u00eds dedicados a tal actividad que vendan mercader\u00edas en el marco del\u00a0<a href=\"https:\/\/www.normasfinancieras.com\/vsr\/jump.aspx?nm_origen=MailSintesis&#038;entorno=NO&#038;nm_origen=Aciertos&#038;nm_accion=LinkDoc&#038;link=N150483\" target=\"_blank\" rel=\"noopener\" data-saferedirecturl=\"https:\/\/www.google.com\/url?q=https:\/\/www.normasfinancieras.com\/vsr\/jump.aspx?nm_origen%3DMailSintesis%26entorno%3DNO%26nm_origen%3DAciertos%26nm_accion%3DLinkDoc%26link%3DN150483&#038;source=gmail&#038;ust=1669821504951000&#038;usg=AOvVaw2L3kPwcCzn22afVj4JWH2l\">Decreto N\u00b0 787\/22<\/a>\u00a0<u>a quien realice su exportaci\u00f3n en forma directa o como resultante de un proceso productivo realizado en el pa\u00eds, para depositar el importe neto en pesos percibido por dichas ventas<\/u>.\u00a0Adem\u00e1s, recuerda que a fin de acreditar el cumplimiento de las condiciones previstas por ese Decreto, los clientes deben presentar una declaraci\u00f3n jurada ante la entidad financiera depositaria respecto de cada dep\u00f3sito y la documentaci\u00f3n respaldatoria de la venta.<\/td>\n<\/tr>\n<\/tbody>\n<\/table>\n","protected":false},"excerpt":{"rendered":"<p>Decreto N\u00b0 787\/22. Dep\u00f3sitos de ahorro, cuenta sueldo y especiales. Aclaraci\u00f3n. El Banco Central\u00a0aclara\u00a0que corresponde utilizar las\u00a0&#8216;Cuentas especiales para titulares con actividad agr\u00edcola&#8217;\u00a0para los clientes residentes en el pa\u00eds dedicados<span class=\"more\"><a class=\"more-link\" href=\"https:\/\/www.adeba.com.ar\/en\/b-12431\/\">Seguir leyendo <span class=\"meta-nav\">&#8594;<\/span><\/a><\/span><\/p>\n","protected":false},"author":1,"featured_media":0,"comment_status":"closed","ping_status":"open","sticky":false,"template":"","format":"standard","meta":[],"categories":[5],"tags":[],"_links":{"self":[{"href":"https:\/\/www.adeba.com.ar\/en\/wp-json\/wp\/v2\/posts\/29390"}],"collection":[{"href":"https:\/\/www.adeba.com.ar\/en\/wp-json\/wp\/v2\/posts"}],"about":[{"href":"https:\/\/www.adeba.com.ar\/en\/wp-json\/wp\/v2\/types\/post"}],"author":[{"embeddable":true,"href":"https:\/\/www.adeba.com.ar\/en\/wp-json\/wp\/v2\/users\/1"}],"replies":[{"embeddable":true,"href":"https:\/\/www.adeba.com.ar\/en\/wp-json\/wp\/v2\/comments?post=29390"}],"version-history":[{"count":2,"href":"https:\/\/www.adeba.com.ar\/en\/wp-json\/wp\/v2\/posts\/29390\/revisions"}],"predecessor-version":[{"id":29392,"href":"https:\/\/www.adeba.com.ar\/en\/wp-json\/wp\/v2\/posts\/29390\/revisions\/29392"}],"wp:attachment":[{"href":"https:\/\/www.adeba.com.ar\/en\/wp-json\/wp\/v2\/media?parent=29390"}],"wp:term":[{"taxonomy":"category","embeddable":true,"href":"https:\/\/www.adeba.com.ar\/en\/wp-json\/wp\/v2\/categories?post=29390"},{"taxonomy":"post_tag","embeddable":true,"href":"https:\/\/www.adeba.com.ar\/en\/wp-json\/wp\/v2\/tags?post=29390"}],"curies":[{"name":"wp","href":"https:\/\/api.w.org\/{rel}","templated":true}]}}