{"id":284,"date":"2018-01-30T17:10:16","date_gmt":"2018-01-30T20:10:16","guid":{"rendered":"http:\/\/weappsideas.com\/adeba\/?p=284"},"modified":"2018-01-31T01:27:04","modified_gmt":"2018-01-31T04:27:04","slug":"la-mesa-directiva-de-adeba-se-reunio-con-el-banco-central","status":"publish","type":"post","link":"https:\/\/www.adeba.com.ar\/en\/la-mesa-directiva-de-adeba-se-reunio-con-el-banco-central\/","title":{"rendered":"La mesa directiva de ADEBA se reuni\u00f3 con el Banco Central"},"content":{"rendered":"<div id=\"contentsContainer\">\n<div id=\"contents\">\n<p id=\"E46\"><span id=\"E47\">Las autoridades de ADEBA, encabezada por su presidente Jorge Brito (h), recibieron al presidente <\/span><span id=\"E48\">del Banco Central de la Rep\u00fablica Argentina, Federico <\/span><span id=\"E50\">Sturzenegger<\/span><span id=\"E52\"> en la sede de la Asociaci\u00f3n de Bancos Argentinos<\/span><span id=\"E53\"> en el marco de las reuniones que mantiene ADEBA con el BCRA durante el a\u00f1o<\/span><span id=\"E54\">.<\/span><\/p>\n<p id=\"E55\"><span id=\"E56\">Durante el <\/span><span id=\"E57\">desayuno<\/span><span id=\"E58\"> de trabajo <\/span><span id=\"E59\"> <\/span><span id=\"E61\">Sturzenegger<\/span><span id=\"E63\"> repas\u00f3 los temas en los que est\u00e1n trabajando desde <\/span><span id=\"E64\">el BCRA. <\/span><span id=\"E65\"> <\/span><span id=\"E66\">Entre ellos present\u00f3 las medidas de <\/span><span id=\"E67\">desburocratizaci\u00f3n regulatoria<\/span><span id=\"E68\"> para aumentar la transparencia y comp<\/span><span id=\"E69\">etitividad<\/span><span id=\"E70\"> del sistema financiero.<\/span><span id=\"E71\"> <\/span><span id=\"E72\">E<\/span><span id=\"E73\">stas medidas abarcan<\/span><span id=\"E74\"> cambios en<\/span><span id=\"E75\"> el sistema de <\/span><span id=\"E76\">s<\/span><span id=\"E77\">eguridad que se estableci\u00f3 en el pasado y <\/span><span id=\"E78\">en <\/span><span id=\"E79\">las frondosas normas del sistema informativo que el Banco Central le pide al sector financiero<\/span><span id=\"E80\">.<\/span><span id=\"E81\"> Con estas medidas se reducir\u00e1n los tiempos, se achicar\u00e1n los costos administrativos y los usuarios ser\u00e1n beneficiados.<\/span><span id=\"E82\"> <\/span><\/p>\n<p id=\"E83\"><span id=\"E84\">El presidente del Banco Central tambi\u00e9n explic\u00f3 los alcances de la reforma impositiva y los acuerdos llegados en el \u201cpacto fiscal\u201d, que reordenan los grav\u00e1menes disminuyendo los impuestos a los ingresos brutos. A su vez puso \u00e9nfasis en los objetivos<\/span><span id=\"E85\"> <\/span><span id=\"E86\">alcanzados <\/span><span id=\"E87\">en la continuidad del proceso de desinflaci\u00f3n, en particular a trav\u00e9s de<\/span><span id=\"E88\"> la<\/span><span id=\"E89\"> consolidaci\u00f3n de la baja en la inflaci\u00f3n n\u00facleo <\/span><span id=\"E90\">de<\/span><span id=\"E91\"> los \u00faltimos meses.<\/span><\/p>\n<p id=\"E92\"><span id=\"E93\">\u201c<\/span><span id=\"E94\">Vimos avances muy importantes que abren paso a una nueva etapa en la industria financiera la cual se va a c<\/span><span id=\"E95\">aracterizar por una mayor comp<\/span><span id=\"E96\">etitividad<\/span><span id=\"E97\"> y transparencia, garantizando siempre la seguridad del depositante<\/span><span id=\"E98\">\u201d, declar\u00f3 Jorge Brito<\/span><span id=\"E99\"> (h)<\/span><span id=\"E100\">, presidente de ADEBA.<\/span><\/p>\n<p id=\"E101\"><span id=\"E103\">Sturzenegger<\/span><span id=\"E105\"> tambi\u00e9n estuvo acompa\u00f1ado por <\/span><span id=\"E106\">Fabi\u00e1n <\/span><span id=\"E108\">Zampone<\/span><span id=\"E110\">, <\/span><span id=\"E112\">Demi\u00e1n<\/span><span id=\"E114\"> <\/span><span id=\"E116\">Reidel<\/span><span id=\"E118\"> y Francisco <\/span><span id=\"E120\">Gismondi<\/span><span id=\"E122\">, directores del Banco Central, Mariano Flores Vidal, gerente general, Agust\u00edn <\/span><span id=\"E124\">Torcassi<\/span><span id=\"E126\">, subgerente general de Normas, Juan Carlos <\/span><span id=\"E128\">Isi<\/span><span id=\"E130\">, s\u00edndico titular y Federico <\/span><span id=\"E132\">Forte<\/span><span id=\"E134\">, asesor presidencial,<\/span><span id=\"E135\"> de<\/span><span id=\"E136\"> <\/span><span id=\"E137\">la misma entidad.<\/span><\/p>\n<p id=\"E138\"><span id=\"E139\">Participaron tambi\u00e9n del encuentro las autoridades de ADEBA: <\/span><span id=\"E140\">Norberto <\/span><span id=\"E142\">Peruzzotti<\/span><span id=\"E144\">, director ejecutivo de ADEBA, Cristina <\/span><span id=\"E146\">Ehbrecht<\/span><span id=\"E148\">, subdirectora ejecutiva de ADEBA, Sergio <\/span><span id=\"E150\">Grinenco<\/span><span id=\"E152\">, presidente del Banco Galicia, Claudio <\/span><span id=\"E154\">C\u00e1nepa<\/span><span id=\"E156\">, director del Grupo San Juan, Javier Ortiz Batalla, presidente del Banco Ciudad de Buenos Aires, Joao <\/span><span id=\"E158\">Pecego<\/span><span id=\"E160\">, presidente del Banco Patagonia, Roberto Dom\u00ednguez, presidente del Banco BST, Alexis <\/span><span id=\"E162\">Iviglia<\/span><span id=\"E164\">, presidente del Banco de la Pampa, Juan <\/span><span id=\"E166\">N\u00e1poli<\/span><span id=\"E168\">, presidente del Banco de Valores, Jorge <\/span><span id=\"E170\">Bianconi<\/span><span id=\"E172\">, presidente del Banco S\u00e1enz, Horacio Parodi, presidente del Banco Roela, <\/span><span id=\"E173\">Guillermo Francos, presidente del Banco <\/span><span id=\"E175\">Wanap<\/span><span id=\"E177\">, Carlos <\/span><span id=\"E179\">Perez<\/span><span id=\"E181\">, vicepresidente del Banco de la Provincia de Buenos Aires, Rub\u00e9n Iparraguirre, vicepresidente del Banco Patagonia, Jorge <\/span><span id=\"E183\">Ramirez<\/span><span id=\"E185\">, vicepresidente del Banco <\/span><span id=\"E187\">Supervielle<\/span><span id=\"E189\">, Jos\u00e9 Mar\u00eda Fern\u00e1ndez, vicepresidente del Banco <\/span><span id=\"E191\">Mariva<\/span><span id=\"E193\">, Francisco Cervi\u00f1o, <\/span><span id=\"E194\">vicepresidente del Banco <\/span><span id=\"E197\">Comafi<\/span><span id=\"E199\">, Enrique <\/span><span id=\"E201\">Tisne<\/span><span id=\"E203\">, vicepresidente del Banco <\/span><span id=\"E205\">Interfinanzas<\/span><span id=\"E207\">, Ricardo Lozano, <\/span><\/p>\n<\/div>\n<\/div>\n<div id=\"contentsContainer\">\n<div id=\"contents\">\n<p>director de Banco Piano, Mariana Triaca, directora del Banco de la Naci\u00f3n Argentina, Gast\u00f3n <span id=\"E209\">Eckelhard<\/span><span id=\"E211\">, director del Banco Industrial, Manuel Herrera, gerente general del Banco Hipotecario, Marcos Prieto, gerente general del Banco CMF, Diego <\/span><span id=\"E213\">Radrizzani<\/span><span id=\"E215\">, subgerente general del Banco Meridian.<\/span><\/p>\n<\/div>\n<\/div>\n","protected":false},"excerpt":{"rendered":"<p>Las autoridades de ADEBA, encabezada por su presidente Jorge Brito (h), recibieron al presidente del Banco Central de la Rep\u00fablica Argentina, Federico Sturzenegger en la sede de la Asociaci\u00f3n de<span class=\"more\"><a class=\"more-link\" href=\"https:\/\/www.adeba.com.ar\/en\/la-mesa-directiva-de-adeba-se-reunio-con-el-banco-central\/\">Seguir leyendo <span class=\"meta-nav\">&#8594;<\/span><\/a><\/span><\/p>\n","protected":false},"author":1,"featured_media":1017,"comment_status":"closed","ping_status":"open","sticky":false,"template":"","format":"standard","meta":[],"categories":[4],"tags":[],"_links":{"self":[{"href":"https:\/\/www.adeba.com.ar\/en\/wp-json\/wp\/v2\/posts\/284"}],"collection":[{"href":"https:\/\/www.adeba.com.ar\/en\/wp-json\/wp\/v2\/posts"}],"about":[{"href":"https:\/\/www.adeba.com.ar\/en\/wp-json\/wp\/v2\/types\/post"}],"author":[{"embeddable":true,"href":"https:\/\/www.adeba.com.ar\/en\/wp-json\/wp\/v2\/users\/1"}],"replies":[{"embeddable":true,"href":"https:\/\/www.adeba.com.ar\/en\/wp-json\/wp\/v2\/comments?post=284"}],"version-history":[{"count":3,"href":"https:\/\/www.adeba.com.ar\/en\/wp-json\/wp\/v2\/posts\/284\/revisions"}],"predecessor-version":[{"id":1016,"href":"https:\/\/www.adeba.com.ar\/en\/wp-json\/wp\/v2\/posts\/284\/revisions\/1016"}],"wp:featuredmedia":[{"embeddable":true,"href":"https:\/\/www.adeba.com.ar\/en\/wp-json\/wp\/v2\/media\/1017"}],"wp:attachment":[{"href":"https:\/\/www.adeba.com.ar\/en\/wp-json\/wp\/v2\/media?parent=284"}],"wp:term":[{"taxonomy":"category","embeddable":true,"href":"https:\/\/www.adeba.com.ar\/en\/wp-json\/wp\/v2\/categories?post=284"},{"taxonomy":"post_tag","embeddable":true,"href":"https:\/\/www.adeba.com.ar\/en\/wp-json\/wp\/v2\/tags?post=284"}],"curies":[{"name":"wp","href":"https:\/\/api.w.org\/{rel}","templated":true}]}}