{"id":27562,"date":"2022-08-01T15:42:39","date_gmt":"2022-08-01T18:42:39","guid":{"rendered":"https:\/\/www.adeba.com.ar\/?p=27562"},"modified":"2022-08-03T15:42:51","modified_gmt":"2022-08-03T18:42:51","slug":"resolucion-general-de-la-administracion-federal-de-ingresos-publicos-5244-2022","status":"publish","type":"post","link":"https:\/\/www.adeba.com.ar\/en\/resolucion-general-de-la-administracion-federal-de-ingresos-publicos-5244-2022\/","title":{"rendered":"Resoluci\u00f3n General de la Administraci\u00f3n Federal de Ingresos P\u00fablicos 5244\/2022"},"content":{"rendered":"<p>Exportaci\u00f3n. Valores referenciales de car\u00e1cter preventivo. Resoluci\u00f3n General N\u00ba 4.710. Norma complementaria.<\/p>\n","protected":false},"excerpt":{"rendered":"<p>Exportaci\u00f3n. Valores referenciales de car\u00e1cter preventivo. Resoluci\u00f3n General N\u00ba 4.710. Norma complementaria.<\/p>\n","protected":false},"author":1,"featured_media":0,"comment_status":"closed","ping_status":"open","sticky":false,"template":"","format":"standard","meta":[],"categories":[5],"tags":[],"_links":{"self":[{"href":"https:\/\/www.adeba.com.ar\/en\/wp-json\/wp\/v2\/posts\/27562"}],"collection":[{"href":"https:\/\/www.adeba.com.ar\/en\/wp-json\/wp\/v2\/posts"}],"about":[{"href":"https:\/\/www.adeba.com.ar\/en\/wp-json\/wp\/v2\/types\/post"}],"author":[{"embeddable":true,"href":"https:\/\/www.adeba.com.ar\/en\/wp-json\/wp\/v2\/users\/1"}],"replies":[{"embeddable":true,"href":"https:\/\/www.adeba.com.ar\/en\/wp-json\/wp\/v2\/comments?post=27562"}],"version-history":[{"count":2,"href":"https:\/\/www.adeba.com.ar\/en\/wp-json\/wp\/v2\/posts\/27562\/revisions"}],"predecessor-version":[{"id":27564,"href":"https:\/\/www.adeba.com.ar\/en\/wp-json\/wp\/v2\/posts\/27562\/revisions\/27564"}],"wp:attachment":[{"href":"https:\/\/www.adeba.com.ar\/en\/wp-json\/wp\/v2\/media?parent=27562"}],"wp:term":[{"taxonomy":"category","embeddable":true,"href":"https:\/\/www.adeba.com.ar\/en\/wp-json\/wp\/v2\/categories?post=27562"},{"taxonomy":"post_tag","embeddable":true,"href":"https:\/\/www.adeba.com.ar\/en\/wp-json\/wp\/v2\/tags?post=27562"}],"curies":[{"name":"wp","href":"https:\/\/api.w.org\/{rel}","templated":true}]}}