{"id":27008,"date":"2022-07-05T11:36:23","date_gmt":"2022-07-05T14:36:23","guid":{"rendered":"https:\/\/www.adeba.com.ar\/?p=27008"},"modified":"2022-07-07T11:36:35","modified_gmt":"2022-07-07T14:36:35","slug":"resolucion-general-de-la-administracion-federal-de-ingresos-publicos-5226-2022","status":"publish","type":"post","link":"https:\/\/www.adeba.com.ar\/en\/resolucion-general-de-la-administracion-federal-de-ingresos-publicos-5226-2022\/","title":{"rendered":"Resoluci\u00f3n General de la Administraci\u00f3n Federal de Ingresos P\u00fablicos 5226\/2022"},"content":{"rendered":"<p>Alivio Fiscal para Peque\u00f1os Contribuyentes y Aut\u00f3nomos. Ley N\u00ba 27.676. Exenci\u00f3n del impuesto integrado. Recategorizaci\u00f3n semestral. Resoluci\u00f3n General N\u00ba 4.309, su modificatoria y sus complementarias. Norma complementaria.<\/p>\n","protected":false},"excerpt":{"rendered":"<p>Alivio Fiscal para Peque\u00f1os Contribuyentes y Aut\u00f3nomos. Ley N\u00ba 27.676. Exenci\u00f3n del impuesto integrado. Recategorizaci\u00f3n semestral. Resoluci\u00f3n General N\u00ba 4.309, su modificatoria y sus complementarias. Norma complementaria.<\/p>\n","protected":false},"author":1,"featured_media":0,"comment_status":"closed","ping_status":"open","sticky":false,"template":"","format":"standard","meta":[],"categories":[5],"tags":[],"_links":{"self":[{"href":"https:\/\/www.adeba.com.ar\/en\/wp-json\/wp\/v2\/posts\/27008"}],"collection":[{"href":"https:\/\/www.adeba.com.ar\/en\/wp-json\/wp\/v2\/posts"}],"about":[{"href":"https:\/\/www.adeba.com.ar\/en\/wp-json\/wp\/v2\/types\/post"}],"author":[{"embeddable":true,"href":"https:\/\/www.adeba.com.ar\/en\/wp-json\/wp\/v2\/users\/1"}],"replies":[{"embeddable":true,"href":"https:\/\/www.adeba.com.ar\/en\/wp-json\/wp\/v2\/comments?post=27008"}],"version-history":[{"count":2,"href":"https:\/\/www.adeba.com.ar\/en\/wp-json\/wp\/v2\/posts\/27008\/revisions"}],"predecessor-version":[{"id":27010,"href":"https:\/\/www.adeba.com.ar\/en\/wp-json\/wp\/v2\/posts\/27008\/revisions\/27010"}],"wp:attachment":[{"href":"https:\/\/www.adeba.com.ar\/en\/wp-json\/wp\/v2\/media?parent=27008"}],"wp:term":[{"taxonomy":"category","embeddable":true,"href":"https:\/\/www.adeba.com.ar\/en\/wp-json\/wp\/v2\/categories?post=27008"},{"taxonomy":"post_tag","embeddable":true,"href":"https:\/\/www.adeba.com.ar\/en\/wp-json\/wp\/v2\/tags?post=27008"}],"curies":[{"name":"wp","href":"https:\/\/api.w.org\/{rel}","templated":true}]}}