{"id":27005,"date":"2022-07-05T11:36:05","date_gmt":"2022-07-05T14:36:05","guid":{"rendered":"https:\/\/www.adeba.com.ar\/?p=27005"},"modified":"2022-07-07T11:36:18","modified_gmt":"2022-07-07T14:36:18","slug":"catamarca-disposicion-general-agencia-de-recaudacion-de-catamarca-42-2022","status":"publish","type":"post","link":"https:\/\/www.adeba.com.ar\/en\/catamarca-disposicion-general-agencia-de-recaudacion-de-catamarca-42-2022\/","title":{"rendered":"Catamarca Disposici\u00f3n General Agencia de Recaudaci\u00f3n de Catamarca 42\/2022"},"content":{"rendered":"<p>Exclusi\u00f3n a partir del 1 de julio de los reg\u00edmenes de retenci\u00f3n y percepci\u00f3n a los contribuyentes incluidos en el R\u00e9gimen Simplificado Provincial<\/p>\n","protected":false},"excerpt":{"rendered":"<p>Exclusi\u00f3n a partir del 1 de julio de los reg\u00edmenes de retenci\u00f3n y percepci\u00f3n a los contribuyentes incluidos en el R\u00e9gimen Simplificado Provincial<\/p>\n","protected":false},"author":1,"featured_media":0,"comment_status":"closed","ping_status":"open","sticky":false,"template":"","format":"standard","meta":[],"categories":[5],"tags":[],"_links":{"self":[{"href":"https:\/\/www.adeba.com.ar\/en\/wp-json\/wp\/v2\/posts\/27005"}],"collection":[{"href":"https:\/\/www.adeba.com.ar\/en\/wp-json\/wp\/v2\/posts"}],"about":[{"href":"https:\/\/www.adeba.com.ar\/en\/wp-json\/wp\/v2\/types\/post"}],"author":[{"embeddable":true,"href":"https:\/\/www.adeba.com.ar\/en\/wp-json\/wp\/v2\/users\/1"}],"replies":[{"embeddable":true,"href":"https:\/\/www.adeba.com.ar\/en\/wp-json\/wp\/v2\/comments?post=27005"}],"version-history":[{"count":2,"href":"https:\/\/www.adeba.com.ar\/en\/wp-json\/wp\/v2\/posts\/27005\/revisions"}],"predecessor-version":[{"id":27007,"href":"https:\/\/www.adeba.com.ar\/en\/wp-json\/wp\/v2\/posts\/27005\/revisions\/27007"}],"wp:attachment":[{"href":"https:\/\/www.adeba.com.ar\/en\/wp-json\/wp\/v2\/media?parent=27005"}],"wp:term":[{"taxonomy":"category","embeddable":true,"href":"https:\/\/www.adeba.com.ar\/en\/wp-json\/wp\/v2\/categories?post=27005"},{"taxonomy":"post_tag","embeddable":true,"href":"https:\/\/www.adeba.com.ar\/en\/wp-json\/wp\/v2\/tags?post=27005"}],"curies":[{"name":"wp","href":"https:\/\/api.w.org\/{rel}","templated":true}]}}