{"id":27002,"date":"2022-07-05T11:35:47","date_gmt":"2022-07-05T14:35:47","guid":{"rendered":"https:\/\/www.adeba.com.ar\/?p=27002"},"modified":"2022-07-07T11:35:59","modified_gmt":"2022-07-07T14:35:59","slug":"la-rioja-resolucion-general-de-la-direccion-general-ingresos-provinciales-12-2022","status":"publish","type":"post","link":"https:\/\/www.adeba.com.ar\/en\/la-rioja-resolucion-general-de-la-direccion-general-ingresos-provinciales-12-2022\/","title":{"rendered":"La Rioja Resoluci\u00f3n General de la Direcci\u00f3n General Ingresos Provinciales 12\/2022"},"content":{"rendered":"<p>Modificaci\u00f3n de la al\u00edcuota general del R\u00e9gimen de Retenci\u00f3n Bancaria del impuesto sobre los ingresos brutos de la provincia<\/p>\n","protected":false},"excerpt":{"rendered":"<p>Modificaci\u00f3n de la al\u00edcuota general del R\u00e9gimen de Retenci\u00f3n Bancaria del impuesto sobre los ingresos brutos de la provincia<\/p>\n","protected":false},"author":1,"featured_media":0,"comment_status":"closed","ping_status":"open","sticky":false,"template":"","format":"standard","meta":[],"categories":[5],"tags":[],"_links":{"self":[{"href":"https:\/\/www.adeba.com.ar\/en\/wp-json\/wp\/v2\/posts\/27002"}],"collection":[{"href":"https:\/\/www.adeba.com.ar\/en\/wp-json\/wp\/v2\/posts"}],"about":[{"href":"https:\/\/www.adeba.com.ar\/en\/wp-json\/wp\/v2\/types\/post"}],"author":[{"embeddable":true,"href":"https:\/\/www.adeba.com.ar\/en\/wp-json\/wp\/v2\/users\/1"}],"replies":[{"embeddable":true,"href":"https:\/\/www.adeba.com.ar\/en\/wp-json\/wp\/v2\/comments?post=27002"}],"version-history":[{"count":2,"href":"https:\/\/www.adeba.com.ar\/en\/wp-json\/wp\/v2\/posts\/27002\/revisions"}],"predecessor-version":[{"id":27004,"href":"https:\/\/www.adeba.com.ar\/en\/wp-json\/wp\/v2\/posts\/27002\/revisions\/27004"}],"wp:attachment":[{"href":"https:\/\/www.adeba.com.ar\/en\/wp-json\/wp\/v2\/media?parent=27002"}],"wp:term":[{"taxonomy":"category","embeddable":true,"href":"https:\/\/www.adeba.com.ar\/en\/wp-json\/wp\/v2\/categories?post=27002"},{"taxonomy":"post_tag","embeddable":true,"href":"https:\/\/www.adeba.com.ar\/en\/wp-json\/wp\/v2\/tags?post=27002"}],"curies":[{"name":"wp","href":"https:\/\/api.w.org\/{rel}","templated":true}]}}