{"id":26943,"date":"2022-07-04T13:28:49","date_gmt":"2022-07-04T16:28:49","guid":{"rendered":"https:\/\/www.adeba.com.ar\/?p=26943"},"modified":"2022-07-04T13:28:49","modified_gmt":"2022-07-04T16:28:49","slug":"resolucion-general-de-la-administracion-federal-de-ingresos-publicos-5223-2022","status":"publish","type":"post","link":"https:\/\/www.adeba.com.ar\/en\/resolucion-general-de-la-administracion-federal-de-ingresos-publicos-5223-2022\/","title":{"rendered":"Resoluci\u00f3n General de la Administraci\u00f3n Federal de Ingresos P\u00fablicos 5223\/2022"},"content":{"rendered":"<table border=\"0\" width=\"100%\" cellspacing=\"0\" cellpadding=\"0\">\n<tbody>\n<tr>\n<td valign=\"top\"><b>Procedimiento. C\u00f3mputo de plazos en materia impositiva, aduanera y de los recursos de la seguridad social. Resoluci\u00f3n General N\u00ba 1.983, sus modificatorias y complementarias. Norma complementaria.<\/b><u><\/u><u><\/u><\/td>\n<\/tr>\n<tr>\n<td valign=\"top\">La AFIP fija entre los d\u00edas\u00a0<strong>18 y 29 de julio de 2022<\/strong>, ambas fechas inclusive,\u00a0<u>el per\u00edodo de feria judicial de invierno<\/u>.<\/td>\n<\/tr>\n<\/tbody>\n<\/table>\n","protected":false},"excerpt":{"rendered":"<p>Procedimiento. C\u00f3mputo de plazos en materia impositiva, aduanera y de los recursos de la seguridad social. Resoluci\u00f3n General N\u00ba 1.983, sus modificatorias y complementarias. Norma complementaria. La AFIP fija entre<span class=\"more\"><a class=\"more-link\" href=\"https:\/\/www.adeba.com.ar\/en\/resolucion-general-de-la-administracion-federal-de-ingresos-publicos-5223-2022\/\">Seguir leyendo <span class=\"meta-nav\">&#8594;<\/span><\/a><\/span><\/p>\n","protected":false},"author":1,"featured_media":0,"comment_status":"closed","ping_status":"open","sticky":false,"template":"","format":"standard","meta":[],"categories":[5],"tags":[],"_links":{"self":[{"href":"https:\/\/www.adeba.com.ar\/en\/wp-json\/wp\/v2\/posts\/26943"}],"collection":[{"href":"https:\/\/www.adeba.com.ar\/en\/wp-json\/wp\/v2\/posts"}],"about":[{"href":"https:\/\/www.adeba.com.ar\/en\/wp-json\/wp\/v2\/types\/post"}],"author":[{"embeddable":true,"href":"https:\/\/www.adeba.com.ar\/en\/wp-json\/wp\/v2\/users\/1"}],"replies":[{"embeddable":true,"href":"https:\/\/www.adeba.com.ar\/en\/wp-json\/wp\/v2\/comments?post=26943"}],"version-history":[{"count":2,"href":"https:\/\/www.adeba.com.ar\/en\/wp-json\/wp\/v2\/posts\/26943\/revisions"}],"predecessor-version":[{"id":26945,"href":"https:\/\/www.adeba.com.ar\/en\/wp-json\/wp\/v2\/posts\/26943\/revisions\/26945"}],"wp:attachment":[{"href":"https:\/\/www.adeba.com.ar\/en\/wp-json\/wp\/v2\/media?parent=26943"}],"wp:term":[{"taxonomy":"category","embeddable":true,"href":"https:\/\/www.adeba.com.ar\/en\/wp-json\/wp\/v2\/categories?post=26943"},{"taxonomy":"post_tag","embeddable":true,"href":"https:\/\/www.adeba.com.ar\/en\/wp-json\/wp\/v2\/tags?post=26943"}],"curies":[{"name":"wp","href":"https:\/\/api.w.org\/{rel}","templated":true}]}}