{"id":24830,"date":"2022-02-23T18:36:02","date_gmt":"2022-02-23T21:36:02","guid":{"rendered":"https:\/\/www.adeba.com.ar\/?p=24830"},"modified":"2022-02-23T18:36:02","modified_gmt":"2022-02-23T21:36:02","slug":"resolucion-del-instituto-nacional-de-asociativismo-y-economia-social-426-2022","status":"publish","type":"post","link":"https:\/\/www.adeba.com.ar\/en\/resolucion-del-instituto-nacional-de-asociativismo-y-economia-social-426-2022\/","title":{"rendered":"Resoluci\u00f3n del Instituto Nacional de Asociativismo y Econom\u00eda Social 426\/2022"},"content":{"rendered":"<table border=\"0\" width=\"100%\" cellspacing=\"0\" cellpadding=\"0\">\n<tbody>\n<tr>\n<td valign=\"top\"><b>Der\u00f3ganse los art\u00edculos 6\u00ba y 7\u00ba de la Resoluci\u00f3n N.\u00ba 2432\/2018 y los puntos 7.10.3 y 7.15 del art\u00edculo 7\u00ba y el art\u00edculo 8\u00ba de la Resoluci\u00f3n N.\u00ba 2362\/19.<\/b><u><\/u><u><\/u><\/td>\n<\/tr>\n<tr>\n<td valign=\"top\">El Instituto Nacional de\u00a0Asociativismo y\u00a0Econom\u00eda Social establece el\u00a0<u>modo en que se efectuar\u00e1n las notificaciones<\/u>\u00a0que practiquen sus distintas unidades cuando no fuera posible la modalidad contemplada en el art\u00edculo 41 inciso h) del Decreto N.\u00b0 1759\/72.\u00a0Las\u00a0<u>notificaciones electr\u00f3nicas<\/u>\u00a0que se practican en los expedientes de solicitud de inscripci\u00f3n de cooperativas y mutuales, que no hayan sido ingresadas por la plataforma de Tr\u00e1mites a Distancia (TAD), se efectuar\u00e1n en la direcci\u00f3n de correo electr\u00f3nico que la entidad debe denunciar en el acta del \u00f3rgano de administraci\u00f3n.\u00a0Tambi\u00e9n establece que las cooperativas y mutuales a las que se les haya otorgado la personer\u00eda jur\u00eddica podr\u00e1n requerir una\u00a0<u>copia fiel de la documentaci\u00f3n<\/u>, sin costo alguno, debiendo ser brindada por el \u00f3rgano local competente o este Instituto.\u00a0Por \u00faltimo, aclara que las cooperativas y mutuales que habiendo obtenido su personer\u00eda jur\u00eddica entre el 1 de septiembre de 2018 y el 29 de noviembre de 2020 y que a\u00fan no hayan obtenido su CUIT y\/o no hayan realizado la finalizaci\u00f3n del tr\u00e1mite de inscripci\u00f3n, deber\u00e1n efectuar los tr\u00e1mites correspondientes a trav\u00e9s de la plataforma de tr\u00e1mites a distancia.<\/td>\n<\/tr>\n<\/tbody>\n<\/table>\n","protected":false},"excerpt":{"rendered":"<p>Der\u00f3ganse los art\u00edculos 6\u00ba y 7\u00ba de la Resoluci\u00f3n N.\u00ba 2432\/2018 y los puntos 7.10.3 y 7.15 del art\u00edculo 7\u00ba y el art\u00edculo 8\u00ba de la Resoluci\u00f3n N.\u00ba 2362\/19. El<span class=\"more\"><a class=\"more-link\" href=\"https:\/\/www.adeba.com.ar\/en\/resolucion-del-instituto-nacional-de-asociativismo-y-economia-social-426-2022\/\">Seguir leyendo <span class=\"meta-nav\">&#8594;<\/span><\/a><\/span><\/p>\n","protected":false},"author":1,"featured_media":0,"comment_status":"closed","ping_status":"open","sticky":false,"template":"","format":"standard","meta":[],"categories":[5],"tags":[],"_links":{"self":[{"href":"https:\/\/www.adeba.com.ar\/en\/wp-json\/wp\/v2\/posts\/24830"}],"collection":[{"href":"https:\/\/www.adeba.com.ar\/en\/wp-json\/wp\/v2\/posts"}],"about":[{"href":"https:\/\/www.adeba.com.ar\/en\/wp-json\/wp\/v2\/types\/post"}],"author":[{"embeddable":true,"href":"https:\/\/www.adeba.com.ar\/en\/wp-json\/wp\/v2\/users\/1"}],"replies":[{"embeddable":true,"href":"https:\/\/www.adeba.com.ar\/en\/wp-json\/wp\/v2\/comments?post=24830"}],"version-history":[{"count":2,"href":"https:\/\/www.adeba.com.ar\/en\/wp-json\/wp\/v2\/posts\/24830\/revisions"}],"predecessor-version":[{"id":24832,"href":"https:\/\/www.adeba.com.ar\/en\/wp-json\/wp\/v2\/posts\/24830\/revisions\/24832"}],"wp:attachment":[{"href":"https:\/\/www.adeba.com.ar\/en\/wp-json\/wp\/v2\/media?parent=24830"}],"wp:term":[{"taxonomy":"category","embeddable":true,"href":"https:\/\/www.adeba.com.ar\/en\/wp-json\/wp\/v2\/categories?post=24830"},{"taxonomy":"post_tag","embeddable":true,"href":"https:\/\/www.adeba.com.ar\/en\/wp-json\/wp\/v2\/tags?post=24830"}],"curies":[{"name":"wp","href":"https:\/\/api.w.org\/{rel}","templated":true}]}}