{"id":24656,"date":"2022-02-09T12:15:18","date_gmt":"2022-02-09T15:15:18","guid":{"rendered":"https:\/\/www.adeba.com.ar\/?p=24656"},"modified":"2022-02-09T12:15:18","modified_gmt":"2022-02-09T15:15:18","slug":"santa-fe-resolucion-general-de-la-administracion-provincial-de-impuestos-12-2022","status":"publish","type":"post","link":"https:\/\/www.adeba.com.ar\/en\/santa-fe-resolucion-general-de-la-administracion-provincial-de-impuestos-12-2022\/","title":{"rendered":"Santa F\u00e9 Resoluci\u00f3n General de la Administraci\u00f3n Provincial de Impuestos 12\/2022"},"content":{"rendered":"<p>Reglamentaci\u00f3n R\u00e9gimen de Regularizaci\u00f3n Tributaria &#8211; deuda devengada al 30\/09\/2021<\/p>\n","protected":false},"excerpt":{"rendered":"<p>Reglamentaci\u00f3n R\u00e9gimen de Regularizaci\u00f3n Tributaria &#8211; deuda devengada al 30\/09\/2021<\/p>\n","protected":false},"author":1,"featured_media":0,"comment_status":"closed","ping_status":"open","sticky":false,"template":"","format":"standard","meta":[],"categories":[5],"tags":[],"_links":{"self":[{"href":"https:\/\/www.adeba.com.ar\/en\/wp-json\/wp\/v2\/posts\/24656"}],"collection":[{"href":"https:\/\/www.adeba.com.ar\/en\/wp-json\/wp\/v2\/posts"}],"about":[{"href":"https:\/\/www.adeba.com.ar\/en\/wp-json\/wp\/v2\/types\/post"}],"author":[{"embeddable":true,"href":"https:\/\/www.adeba.com.ar\/en\/wp-json\/wp\/v2\/users\/1"}],"replies":[{"embeddable":true,"href":"https:\/\/www.adeba.com.ar\/en\/wp-json\/wp\/v2\/comments?post=24656"}],"version-history":[{"count":2,"href":"https:\/\/www.adeba.com.ar\/en\/wp-json\/wp\/v2\/posts\/24656\/revisions"}],"predecessor-version":[{"id":24658,"href":"https:\/\/www.adeba.com.ar\/en\/wp-json\/wp\/v2\/posts\/24656\/revisions\/24658"}],"wp:attachment":[{"href":"https:\/\/www.adeba.com.ar\/en\/wp-json\/wp\/v2\/media?parent=24656"}],"wp:term":[{"taxonomy":"category","embeddable":true,"href":"https:\/\/www.adeba.com.ar\/en\/wp-json\/wp\/v2\/categories?post=24656"},{"taxonomy":"post_tag","embeddable":true,"href":"https:\/\/www.adeba.com.ar\/en\/wp-json\/wp\/v2\/tags?post=24656"}],"curies":[{"name":"wp","href":"https:\/\/api.w.org\/{rel}","templated":true}]}}