{"id":24473,"date":"2022-01-31T13:41:00","date_gmt":"2022-01-31T16:41:00","guid":{"rendered":"https:\/\/www.adeba.com.ar\/?p=24473"},"modified":"2022-02-02T13:41:13","modified_gmt":"2022-02-02T16:41:13","slug":"santa-fe-resolucion-general-de-la-administracion-provincial-de-impuestos-9-2022","status":"publish","type":"post","link":"https:\/\/www.adeba.com.ar\/en\/santa-fe-resolucion-general-de-la-administracion-provincial-de-impuestos-9-2022\/","title":{"rendered":"Santa F\u00e9 Resoluci\u00f3n General de la Administraci\u00f3n Provincial de Impuestos 9\/2022"},"content":{"rendered":"<p>Vencimiento de la segunda quincena de diciembre 2021 del SIRCAR se considera en t\u00e9rmino hasta el 13 de enero de 2022<\/p>\n","protected":false},"excerpt":{"rendered":"<p>Vencimiento de la segunda quincena de diciembre 2021 del SIRCAR se considera en t\u00e9rmino hasta el 13 de enero de 2022<\/p>\n","protected":false},"author":1,"featured_media":0,"comment_status":"closed","ping_status":"open","sticky":false,"template":"","format":"standard","meta":[],"categories":[5],"tags":[],"_links":{"self":[{"href":"https:\/\/www.adeba.com.ar\/en\/wp-json\/wp\/v2\/posts\/24473"}],"collection":[{"href":"https:\/\/www.adeba.com.ar\/en\/wp-json\/wp\/v2\/posts"}],"about":[{"href":"https:\/\/www.adeba.com.ar\/en\/wp-json\/wp\/v2\/types\/post"}],"author":[{"embeddable":true,"href":"https:\/\/www.adeba.com.ar\/en\/wp-json\/wp\/v2\/users\/1"}],"replies":[{"embeddable":true,"href":"https:\/\/www.adeba.com.ar\/en\/wp-json\/wp\/v2\/comments?post=24473"}],"version-history":[{"count":2,"href":"https:\/\/www.adeba.com.ar\/en\/wp-json\/wp\/v2\/posts\/24473\/revisions"}],"predecessor-version":[{"id":24475,"href":"https:\/\/www.adeba.com.ar\/en\/wp-json\/wp\/v2\/posts\/24473\/revisions\/24475"}],"wp:attachment":[{"href":"https:\/\/www.adeba.com.ar\/en\/wp-json\/wp\/v2\/media?parent=24473"}],"wp:term":[{"taxonomy":"category","embeddable":true,"href":"https:\/\/www.adeba.com.ar\/en\/wp-json\/wp\/v2\/categories?post=24473"},{"taxonomy":"post_tag","embeddable":true,"href":"https:\/\/www.adeba.com.ar\/en\/wp-json\/wp\/v2\/tags?post=24473"}],"curies":[{"name":"wp","href":"https:\/\/api.w.org\/{rel}","templated":true}]}}