{"id":24445,"date":"2022-01-28T18:42:09","date_gmt":"2022-01-28T21:42:09","guid":{"rendered":"https:\/\/www.adeba.com.ar\/?p=24445"},"modified":"2022-01-29T18:42:26","modified_gmt":"2022-01-29T21:42:26","slug":"resolucion-general-de-la-administracion-federal-de-ingresos-publicos-5140-2022","status":"publish","type":"post","link":"https:\/\/www.adeba.com.ar\/en\/resolucion-general-de-la-administracion-federal-de-ingresos-publicos-5140-2022\/","title":{"rendered":"Resoluci\u00f3n General de la Administraci\u00f3n Federal de Ingresos P\u00fablicos 5140\/2022"},"content":{"rendered":"<p>Seguridad Social. Empleadores y empleadoras beneficiarios y beneficiarias del &#8216;Programa REPRO II&#8217;. Reducci\u00f3n de contribuciones patronales. Dto. N\u00ba 323\/21. RGC N\u00ba 5.005 (AFIP-MTESS). Norma modificatoria.<\/p>\n","protected":false},"excerpt":{"rendered":"<p>Seguridad Social. Empleadores y empleadoras beneficiarios y beneficiarias del &#8216;Programa REPRO II&#8217;. Reducci\u00f3n de contribuciones patronales. Dto. N\u00ba 323\/21. RGC N\u00ba 5.005 (AFIP-MTESS). Norma modificatoria.<\/p>\n","protected":false},"author":1,"featured_media":0,"comment_status":"closed","ping_status":"open","sticky":false,"template":"","format":"standard","meta":[],"categories":[5],"tags":[],"_links":{"self":[{"href":"https:\/\/www.adeba.com.ar\/en\/wp-json\/wp\/v2\/posts\/24445"}],"collection":[{"href":"https:\/\/www.adeba.com.ar\/en\/wp-json\/wp\/v2\/posts"}],"about":[{"href":"https:\/\/www.adeba.com.ar\/en\/wp-json\/wp\/v2\/types\/post"}],"author":[{"embeddable":true,"href":"https:\/\/www.adeba.com.ar\/en\/wp-json\/wp\/v2\/users\/1"}],"replies":[{"embeddable":true,"href":"https:\/\/www.adeba.com.ar\/en\/wp-json\/wp\/v2\/comments?post=24445"}],"version-history":[{"count":2,"href":"https:\/\/www.adeba.com.ar\/en\/wp-json\/wp\/v2\/posts\/24445\/revisions"}],"predecessor-version":[{"id":24447,"href":"https:\/\/www.adeba.com.ar\/en\/wp-json\/wp\/v2\/posts\/24445\/revisions\/24447"}],"wp:attachment":[{"href":"https:\/\/www.adeba.com.ar\/en\/wp-json\/wp\/v2\/media?parent=24445"}],"wp:term":[{"taxonomy":"category","embeddable":true,"href":"https:\/\/www.adeba.com.ar\/en\/wp-json\/wp\/v2\/categories?post=24445"},{"taxonomy":"post_tag","embeddable":true,"href":"https:\/\/www.adeba.com.ar\/en\/wp-json\/wp\/v2\/tags?post=24445"}],"curies":[{"name":"wp","href":"https:\/\/api.w.org\/{rel}","templated":true}]}}