{"id":24442,"date":"2022-01-28T18:41:40","date_gmt":"2022-01-28T21:41:40","guid":{"rendered":"https:\/\/www.adeba.com.ar\/?p=24442"},"modified":"2022-01-29T18:41:55","modified_gmt":"2022-01-29T21:41:55","slug":"jujuy-resolucion-general-de-la-direccion-provincial-de-rentas-1611-2022","status":"publish","type":"post","link":"https:\/\/www.adeba.com.ar\/en\/jujuy-resolucion-general-de-la-direccion-provincial-de-rentas-1611-2022\/","title":{"rendered":"Jujuy Resoluci\u00f3n General de la Direcci\u00f3n Provincial de Rentas 1611\/2022"},"content":{"rendered":"<p>Pr\u00f3rroga para la utilizaci\u00f3n del aplicativo S.I.R.PE.S.E Web para los agentes de retenci\u00f3n y percepci\u00f3n del impuesto de sellos<\/p>\n","protected":false},"excerpt":{"rendered":"<p>Pr\u00f3rroga para la utilizaci\u00f3n del aplicativo S.I.R.PE.S.E Web para los agentes de retenci\u00f3n y percepci\u00f3n del impuesto de sellos<\/p>\n","protected":false},"author":1,"featured_media":0,"comment_status":"closed","ping_status":"open","sticky":false,"template":"","format":"standard","meta":[],"categories":[5],"tags":[],"_links":{"self":[{"href":"https:\/\/www.adeba.com.ar\/en\/wp-json\/wp\/v2\/posts\/24442"}],"collection":[{"href":"https:\/\/www.adeba.com.ar\/en\/wp-json\/wp\/v2\/posts"}],"about":[{"href":"https:\/\/www.adeba.com.ar\/en\/wp-json\/wp\/v2\/types\/post"}],"author":[{"embeddable":true,"href":"https:\/\/www.adeba.com.ar\/en\/wp-json\/wp\/v2\/users\/1"}],"replies":[{"embeddable":true,"href":"https:\/\/www.adeba.com.ar\/en\/wp-json\/wp\/v2\/comments?post=24442"}],"version-history":[{"count":2,"href":"https:\/\/www.adeba.com.ar\/en\/wp-json\/wp\/v2\/posts\/24442\/revisions"}],"predecessor-version":[{"id":24444,"href":"https:\/\/www.adeba.com.ar\/en\/wp-json\/wp\/v2\/posts\/24442\/revisions\/24444"}],"wp:attachment":[{"href":"https:\/\/www.adeba.com.ar\/en\/wp-json\/wp\/v2\/media?parent=24442"}],"wp:term":[{"taxonomy":"category","embeddable":true,"href":"https:\/\/www.adeba.com.ar\/en\/wp-json\/wp\/v2\/categories?post=24442"},{"taxonomy":"post_tag","embeddable":true,"href":"https:\/\/www.adeba.com.ar\/en\/wp-json\/wp\/v2\/tags?post=24442"}],"curies":[{"name":"wp","href":"https:\/\/api.w.org\/{rel}","templated":true}]}}