{"id":24433,"date":"2022-01-28T11:09:23","date_gmt":"2022-01-28T14:09:23","guid":{"rendered":"https:\/\/www.adeba.com.ar\/?p=24433"},"modified":"2022-01-28T11:28:50","modified_gmt":"2022-01-28T14:28:50","slug":"adeba-apoya-el-entendimiento-entre-argentina-y-el-fmi","status":"publish","type":"post","link":"https:\/\/www.adeba.com.ar\/en\/adeba-apoya-el-entendimiento-entre-argentina-y-el-fmi\/","title":{"rendered":"ADEBA apoya el entendimiento entre Argentina y el FMI"},"content":{"rendered":"<div dir=\"auto\">\n<p>La Asociaci\u00f3n de Bancos Argentinos, ADEBA, expresa su reconocimiento y apoyo a las gestiones del Gobierno, a fin lograr un entendimiento con el Fondo Monetario Internacional; lo que ayudar\u00e1 a promover el desarrollo de Argentina y fortalecer el cr\u00e9dito p\u00fablico.<\/p>\n<p>Al respecto Javier Bolzico, presidente de ADEBA manifest\u00f3: \u201cdespejar la incertidumbre sobre la capacidad del pa\u00eds para cumplir sus compromisos, es una condici\u00f3n necesaria para que el sector privado pueda acceder en mejores condiciones al financiamiento interno y externo\u201d. \u201cEste entendimiento debe enmarcarse en un contexto donde las acciones de los sectores p\u00fablico y privado se orienten al aumento de la competitividad y crecimiento inclusivo de nuestra econom\u00eda\u201d, agreg\u00f3.<\/p>\n<\/div>\n","protected":false},"excerpt":{"rendered":"<p>La Asociaci\u00f3n de Bancos Argentinos, ADEBA, expresa su reconocimiento y apoyo a las gestiones del Gobierno, a fin lograr un entendimiento con el Fondo Monetario Internacional; lo que ayudar\u00e1 a<span class=\"more\"><a class=\"more-link\" href=\"https:\/\/www.adeba.com.ar\/en\/adeba-apoya-el-entendimiento-entre-argentina-y-el-fmi\/\">Seguir leyendo <span class=\"meta-nav\">&#8594;<\/span><\/a><\/span><\/p>\n","protected":false},"author":1,"featured_media":24435,"comment_status":"closed","ping_status":"open","sticky":false,"template":"","format":"standard","meta":[],"categories":[4],"tags":[],"_links":{"self":[{"href":"https:\/\/www.adeba.com.ar\/en\/wp-json\/wp\/v2\/posts\/24433"}],"collection":[{"href":"https:\/\/www.adeba.com.ar\/en\/wp-json\/wp\/v2\/posts"}],"about":[{"href":"https:\/\/www.adeba.com.ar\/en\/wp-json\/wp\/v2\/types\/post"}],"author":[{"embeddable":true,"href":"https:\/\/www.adeba.com.ar\/en\/wp-json\/wp\/v2\/users\/1"}],"replies":[{"embeddable":true,"href":"https:\/\/www.adeba.com.ar\/en\/wp-json\/wp\/v2\/comments?post=24433"}],"version-history":[{"count":3,"href":"https:\/\/www.adeba.com.ar\/en\/wp-json\/wp\/v2\/posts\/24433\/revisions"}],"predecessor-version":[{"id":24437,"href":"https:\/\/www.adeba.com.ar\/en\/wp-json\/wp\/v2\/posts\/24433\/revisions\/24437"}],"wp:featuredmedia":[{"embeddable":true,"href":"https:\/\/www.adeba.com.ar\/en\/wp-json\/wp\/v2\/media\/24435"}],"wp:attachment":[{"href":"https:\/\/www.adeba.com.ar\/en\/wp-json\/wp\/v2\/media?parent=24433"}],"wp:term":[{"taxonomy":"category","embeddable":true,"href":"https:\/\/www.adeba.com.ar\/en\/wp-json\/wp\/v2\/categories?post=24433"},{"taxonomy":"post_tag","embeddable":true,"href":"https:\/\/www.adeba.com.ar\/en\/wp-json\/wp\/v2\/tags?post=24433"}],"curies":[{"name":"wp","href":"https:\/\/api.w.org\/{rel}","templated":true}]}}