{"id":23239,"date":"2021-11-30T17:14:11","date_gmt":"2021-11-30T20:14:11","guid":{"rendered":"https:\/\/www.adeba.com.ar\/?p=23239"},"modified":"2021-11-30T17:14:11","modified_gmt":"2021-11-30T20:14:11","slug":"resolucion-general-de-la-administracion-federal-de-ingresos-publicos-5110-2021","status":"publish","type":"post","link":"https:\/\/www.adeba.com.ar\/en\/resolucion-general-de-la-administracion-federal-de-ingresos-publicos-5110-2021\/","title":{"rendered":"Resoluci\u00f3n General de la Administraci\u00f3n Federal de Ingresos P\u00fablicos 5110\/2021"},"content":{"rendered":"<table style=\"font-weight: 400;\" width=\"100%\">\n<tbody>\n<tr>\n<td><strong>Reingenier\u00eda de declaraciones aduaneras sumarias. Informaci\u00f3n anticipada. Manifiesto de Carga de Importaci\u00f3n (MANI SIM) y Manifiesto de Desconsolidaci\u00f3n SIM para la v\u00eda acu\u00e1tica. Resoluci\u00f3n General N\u00ba 4.278 y su modificatoria. Su sustituci\u00f3n.<\/strong><\/td>\n<\/tr>\n<tr>\n<td>La Administraci\u00f3n Federal de Ingresos P\u00fablicos establece los procedimientos relativos a:\u00a0a) La transmisi\u00f3n anticipada de la informaci\u00f3n relativa a los medios de transporte, incluso los que arriben vac\u00edos, y a la totalidad de las mercader\u00edas transportadas, cualquiera sea su pa\u00eds de destino, as\u00ed como, sus consignatarios\/as, siempre que arriben al territorio nacional por la v\u00eda acu\u00e1tica para su descarga o en tr\u00e1nsito con permanencia a bordo.b) La transmisi\u00f3n de la informaci\u00f3n anticipada de las mercader\u00edas y consignatarios\/as de las mismas, amparadas por documentos de transporte hijos\/nietos\/bisnietos.c) El recupero de la informaci\u00f3n anticipada y la generaci\u00f3n de los Manifiestos de Carga de Importaci\u00f3n (MANI SIM).d) El recupero de la informaci\u00f3n anticipada y la generaci\u00f3n de los Manifiestos de Desconsolidaci\u00f3n SIM.e) La generaci\u00f3n del compendio referente a la informaci\u00f3n anticipada transmitida.\u00a0Esta resoluci\u00f3n general entrar\u00e1 en vigencia el d\u00eda de hoy y la implementaci\u00f3n de sus disposiciones se efectuar\u00e1 conforme al cronograma que estar\u00e1 disponible en el micrositio &#8216;Manifiestos de Carga de Importaci\u00f3n \u2013 V\u00eda Mar\u00edtima&#8217; del sitio &#8216;web&#8217; de la Administraci\u00f3n Federal (<a href=\"https:\/\/www.afip.gob.ar\/\" data-saferedirecturl=\"https:\/\/www.google.com\/url?q=https:\/\/www.afip.gob.ar&#038;source=gmail&#038;ust=1638387707847000&#038;usg=AOvVaw2iXvOwMJ8fjZEx9WeN6vkY\">https:\/\/www.afip.gob.ar<\/a>).<\/td>\n<\/tr>\n<\/tbody>\n<\/table>\n<p>&nbsp;<\/p>\n","protected":false},"excerpt":{"rendered":"<p>Reingenier\u00eda de declaraciones aduaneras sumarias. Informaci\u00f3n anticipada. Manifiesto de Carga de Importaci\u00f3n (MANI SIM) y Manifiesto de Desconsolidaci\u00f3n SIM para la v\u00eda acu\u00e1tica. Resoluci\u00f3n General N\u00ba 4.278 y su modificatoria.<span class=\"more\"><a class=\"more-link\" href=\"https:\/\/www.adeba.com.ar\/en\/resolucion-general-de-la-administracion-federal-de-ingresos-publicos-5110-2021\/\">Seguir leyendo <span class=\"meta-nav\">&#8594;<\/span><\/a><\/span><\/p>\n","protected":false},"author":1,"featured_media":0,"comment_status":"closed","ping_status":"open","sticky":false,"template":"","format":"standard","meta":[],"categories":[5],"tags":[],"_links":{"self":[{"href":"https:\/\/www.adeba.com.ar\/en\/wp-json\/wp\/v2\/posts\/23239"}],"collection":[{"href":"https:\/\/www.adeba.com.ar\/en\/wp-json\/wp\/v2\/posts"}],"about":[{"href":"https:\/\/www.adeba.com.ar\/en\/wp-json\/wp\/v2\/types\/post"}],"author":[{"embeddable":true,"href":"https:\/\/www.adeba.com.ar\/en\/wp-json\/wp\/v2\/users\/1"}],"replies":[{"embeddable":true,"href":"https:\/\/www.adeba.com.ar\/en\/wp-json\/wp\/v2\/comments?post=23239"}],"version-history":[{"count":2,"href":"https:\/\/www.adeba.com.ar\/en\/wp-json\/wp\/v2\/posts\/23239\/revisions"}],"predecessor-version":[{"id":23241,"href":"https:\/\/www.adeba.com.ar\/en\/wp-json\/wp\/v2\/posts\/23239\/revisions\/23241"}],"wp:attachment":[{"href":"https:\/\/www.adeba.com.ar\/en\/wp-json\/wp\/v2\/media?parent=23239"}],"wp:term":[{"taxonomy":"category","embeddable":true,"href":"https:\/\/www.adeba.com.ar\/en\/wp-json\/wp\/v2\/categories?post=23239"},{"taxonomy":"post_tag","embeddable":true,"href":"https:\/\/www.adeba.com.ar\/en\/wp-json\/wp\/v2\/tags?post=23239"}],"curies":[{"name":"wp","href":"https:\/\/api.w.org\/{rel}","templated":true}]}}