{"id":23112,"date":"2021-11-25T11:45:17","date_gmt":"2021-11-25T14:45:17","guid":{"rendered":"https:\/\/www.adeba.com.ar\/?p=23112"},"modified":"2021-11-29T11:45:33","modified_gmt":"2021-11-29T14:45:33","slug":"resolucion-de-la-secretaria-de-seguridad-social-23-2021","status":"publish","type":"post","link":"https:\/\/www.adeba.com.ar\/en\/resolucion-de-la-secretaria-de-seguridad-social-23-2021\/","title":{"rendered":"Resoluci\u00f3n de la Secretar\u00eda de Seguridad Social 23\/2021"},"content":{"rendered":"<table border=\"0\" width=\"100%\" cellspacing=\"0\" cellpadding=\"0\">\n<tbody>\n<tr>\n<td valign=\"top\"><b>Indices de actualizaci\u00f3n de las remuneraciones mensuales percibidas por los trabajadores en relaci\u00f3n de dependencia.<\/b><u><\/u><u><\/u><\/td>\n<\/tr>\n<tr>\n<td valign=\"top\">Se establece el \u00edndice combinado para la actualizaci\u00f3n de las remuneraciones mensuales percibidas por los trabajadores en relaci\u00f3n de dependencia\u00a0<u>que cesen desde el 30 de noviembre de 2021 o soliciten su beneficio desde el 1\u00b0 de diciembre de 2021<\/u>, de conformidad con la metodolog\u00eda establecida en el ANEXO que integra la presente resoluci\u00f3n.<\/td>\n<\/tr>\n<\/tbody>\n<\/table>\n","protected":false},"excerpt":{"rendered":"<p>Indices de actualizaci\u00f3n de las remuneraciones mensuales percibidas por los trabajadores en relaci\u00f3n de dependencia. Se establece el \u00edndice combinado para la actualizaci\u00f3n de las remuneraciones mensuales percibidas por los<span class=\"more\"><a class=\"more-link\" href=\"https:\/\/www.adeba.com.ar\/en\/resolucion-de-la-secretaria-de-seguridad-social-23-2021\/\">Seguir leyendo <span class=\"meta-nav\">&#8594;<\/span><\/a><\/span><\/p>\n","protected":false},"author":1,"featured_media":0,"comment_status":"closed","ping_status":"open","sticky":false,"template":"","format":"standard","meta":[],"categories":[5],"tags":[],"_links":{"self":[{"href":"https:\/\/www.adeba.com.ar\/en\/wp-json\/wp\/v2\/posts\/23112"}],"collection":[{"href":"https:\/\/www.adeba.com.ar\/en\/wp-json\/wp\/v2\/posts"}],"about":[{"href":"https:\/\/www.adeba.com.ar\/en\/wp-json\/wp\/v2\/types\/post"}],"author":[{"embeddable":true,"href":"https:\/\/www.adeba.com.ar\/en\/wp-json\/wp\/v2\/users\/1"}],"replies":[{"embeddable":true,"href":"https:\/\/www.adeba.com.ar\/en\/wp-json\/wp\/v2\/comments?post=23112"}],"version-history":[{"count":2,"href":"https:\/\/www.adeba.com.ar\/en\/wp-json\/wp\/v2\/posts\/23112\/revisions"}],"predecessor-version":[{"id":23114,"href":"https:\/\/www.adeba.com.ar\/en\/wp-json\/wp\/v2\/posts\/23112\/revisions\/23114"}],"wp:attachment":[{"href":"https:\/\/www.adeba.com.ar\/en\/wp-json\/wp\/v2\/media?parent=23112"}],"wp:term":[{"taxonomy":"category","embeddable":true,"href":"https:\/\/www.adeba.com.ar\/en\/wp-json\/wp\/v2\/categories?post=23112"},{"taxonomy":"post_tag","embeddable":true,"href":"https:\/\/www.adeba.com.ar\/en\/wp-json\/wp\/v2\/tags?post=23112"}],"curies":[{"name":"wp","href":"https:\/\/api.w.org\/{rel}","templated":true}]}}