{"id":23091,"date":"2021-11-24T11:41:19","date_gmt":"2021-11-24T14:41:19","guid":{"rendered":"https:\/\/www.adeba.com.ar\/?p=23091"},"modified":"2021-11-29T11:41:37","modified_gmt":"2021-11-29T14:41:37","slug":"resolucion-de-la-administracion-nacional-de-la-seguridad-social-242-2021","status":"publish","type":"post","link":"https:\/\/www.adeba.com.ar\/en\/resolucion-de-la-administracion-nacional-de-la-seguridad-social-242-2021\/","title":{"rendered":"Resoluci\u00f3n de la Administraci\u00f3n Nacional de la Seguridad Social 242\/2021"},"content":{"rendered":"<table style=\"font-weight: 400;\" width=\"100%\">\n<tbody>\n<tr>\n<td><strong>Calendarios de pago de las Prestaciones del Sistema Integrado Previsional Argentino. Diciembre\/2021, segunda cuota del haber anual complementario, Enero y Febrero\/2022.<\/strong><\/td>\n<\/tr>\n<tr>\n<td>Se aprueban los\u00a0<strong>calendarios de pago<\/strong>\u00a0de las Prestaciones del Sistema Integrado Previsional Argentino (SIPA), para las emisiones correspondientes a los meses de\u00a0<u>Diciembre\/2021 que incluye la segunda cuota del haber anual complementario, Enero y Febrero\/2022<\/u>.\u00a0Se establece que la presentaci\u00f3n de la rendici\u00f3n de cuentas y documentaci\u00f3n impaga, deber\u00e1 efectuarse de acuerdo a lo establecido por la\u00a0<a href=\"https:\/\/www.normasfinancieras.com\/vsr\/jump.aspx?nm_origen=MailSintesis&#038;entorno=NO&#038;nm_accion=LinkDoc&#038;link=N119064\" data-saferedirecturl=\"https:\/\/www.google.com\/url?q=https:\/\/www.normasfinancieras.com\/vsr\/jump.aspx?nm_origen%3DMailSintesis%26entorno%3DNO%26nm_accion%3DLinkDoc%26link%3DN119064&#038;source=gmail&#038;ust=1638283081779000&#038;usg=AOvVaw2oOmKlMzw_ddBuqcxIGB7e\">Comunicaci\u00f3n &#8216;A&#8217; 6386<\/a>\u00a0del Banco Central de la Rep\u00fablica Argentina.<\/td>\n<\/tr>\n<\/tbody>\n<\/table>\n<p>&nbsp;<\/p>\n","protected":false},"excerpt":{"rendered":"<p>Calendarios de pago de las Prestaciones del Sistema Integrado Previsional Argentino. Diciembre\/2021, segunda cuota del haber anual complementario, Enero y Febrero\/2022. Se aprueban los\u00a0calendarios de pago\u00a0de las Prestaciones del Sistema<span class=\"more\"><a class=\"more-link\" href=\"https:\/\/www.adeba.com.ar\/en\/resolucion-de-la-administracion-nacional-de-la-seguridad-social-242-2021\/\">Seguir leyendo <span class=\"meta-nav\">&#8594;<\/span><\/a><\/span><\/p>\n","protected":false},"author":1,"featured_media":0,"comment_status":"closed","ping_status":"open","sticky":false,"template":"","format":"standard","meta":[],"categories":[5],"tags":[],"_links":{"self":[{"href":"https:\/\/www.adeba.com.ar\/en\/wp-json\/wp\/v2\/posts\/23091"}],"collection":[{"href":"https:\/\/www.adeba.com.ar\/en\/wp-json\/wp\/v2\/posts"}],"about":[{"href":"https:\/\/www.adeba.com.ar\/en\/wp-json\/wp\/v2\/types\/post"}],"author":[{"embeddable":true,"href":"https:\/\/www.adeba.com.ar\/en\/wp-json\/wp\/v2\/users\/1"}],"replies":[{"embeddable":true,"href":"https:\/\/www.adeba.com.ar\/en\/wp-json\/wp\/v2\/comments?post=23091"}],"version-history":[{"count":2,"href":"https:\/\/www.adeba.com.ar\/en\/wp-json\/wp\/v2\/posts\/23091\/revisions"}],"predecessor-version":[{"id":23093,"href":"https:\/\/www.adeba.com.ar\/en\/wp-json\/wp\/v2\/posts\/23091\/revisions\/23093"}],"wp:attachment":[{"href":"https:\/\/www.adeba.com.ar\/en\/wp-json\/wp\/v2\/media?parent=23091"}],"wp:term":[{"taxonomy":"category","embeddable":true,"href":"https:\/\/www.adeba.com.ar\/en\/wp-json\/wp\/v2\/categories?post=23091"},{"taxonomy":"post_tag","embeddable":true,"href":"https:\/\/www.adeba.com.ar\/en\/wp-json\/wp\/v2\/tags?post=23091"}],"curies":[{"name":"wp","href":"https:\/\/api.w.org\/{rel}","templated":true}]}}