{"id":21685,"date":"2021-08-26T16:16:52","date_gmt":"2021-08-26T19:16:52","guid":{"rendered":"https:\/\/www.adeba.com.ar\/?p=21685"},"modified":"2021-08-26T16:16:52","modified_gmt":"2021-08-26T19:16:52","slug":"resolucion-general-de-la-administracion-federal-de-ingresos-publicos-5052-2021","status":"publish","type":"post","link":"https:\/\/www.adeba.com.ar\/en\/resolucion-general-de-la-administracion-federal-de-ingresos-publicos-5052-2021\/","title":{"rendered":"Resoluci\u00f3n General de la Administraci\u00f3n Federal de Ingresos P\u00fablicos 5052\/2021"},"content":{"rendered":"<table style=\"font-weight: 400;\" width=\"100%\">\n<tbody>\n<tr>\n<td><strong>Procedimiento. Suspensi\u00f3n de la iniciaci\u00f3n de determinados juicios de ejecuci\u00f3n fiscal y traba de medidas cautelares. Resoluci\u00f3n General N\u00ba 4.936 y sus complementarias. Norma complementaria.<\/strong><\/td>\n<\/tr>\n<tr>\n<td>La Administraci\u00f3n Federal de Ingresos P\u00fablicos\u00a0<strong>extiende hasta el 30 de noviembre de 2021<\/strong>, inclusive, la suspensi\u00f3n de:<\/p>\n<p>&nbsp;<\/p>\n<p>-La iniciaci\u00f3n de los juicios de ejecuci\u00f3n fiscal y la traba de medidas cautelares, establecida por el art\u00edculo 1\u00b0 de la Resoluci\u00f3n General N\u00b0 4.936 y sus complementarias.<\/p>\n<p>&nbsp;<\/p>\n<p>-La traba de embargos sobre fondos y\/o valores de cualquier naturaleza, depositados en entidades financieras o sobre cuentas a cobrar, as\u00ed como la intervenci\u00f3n judicial de caja.<\/p>\n<p>&nbsp;<\/p>\n<p><u>Lo indicado no ser\u00e1 de aplicaci\u00f3n<\/u>\u00a0respecto de los montos reclamados en concepto del aporte solidario y extraordinario dispuesto por la Ley N\u00b0 27.605, as\u00ed como del impuesto sobre los bienes personales.<\/td>\n<\/tr>\n<\/tbody>\n<\/table>\n","protected":false},"excerpt":{"rendered":"<p>Procedimiento. Suspensi\u00f3n de la iniciaci\u00f3n de determinados juicios de ejecuci\u00f3n fiscal y traba de medidas cautelares. Resoluci\u00f3n General N\u00ba 4.936 y sus complementarias. Norma complementaria. La Administraci\u00f3n Federal de Ingresos<span class=\"more\"><a class=\"more-link\" href=\"https:\/\/www.adeba.com.ar\/en\/resolucion-general-de-la-administracion-federal-de-ingresos-publicos-5052-2021\/\">Seguir leyendo <span class=\"meta-nav\">&#8594;<\/span><\/a><\/span><\/p>\n","protected":false},"author":1,"featured_media":0,"comment_status":"closed","ping_status":"open","sticky":false,"template":"","format":"standard","meta":[],"categories":[5],"tags":[],"_links":{"self":[{"href":"https:\/\/www.adeba.com.ar\/en\/wp-json\/wp\/v2\/posts\/21685"}],"collection":[{"href":"https:\/\/www.adeba.com.ar\/en\/wp-json\/wp\/v2\/posts"}],"about":[{"href":"https:\/\/www.adeba.com.ar\/en\/wp-json\/wp\/v2\/types\/post"}],"author":[{"embeddable":true,"href":"https:\/\/www.adeba.com.ar\/en\/wp-json\/wp\/v2\/users\/1"}],"replies":[{"embeddable":true,"href":"https:\/\/www.adeba.com.ar\/en\/wp-json\/wp\/v2\/comments?post=21685"}],"version-history":[{"count":2,"href":"https:\/\/www.adeba.com.ar\/en\/wp-json\/wp\/v2\/posts\/21685\/revisions"}],"predecessor-version":[{"id":21687,"href":"https:\/\/www.adeba.com.ar\/en\/wp-json\/wp\/v2\/posts\/21685\/revisions\/21687"}],"wp:attachment":[{"href":"https:\/\/www.adeba.com.ar\/en\/wp-json\/wp\/v2\/media?parent=21685"}],"wp:term":[{"taxonomy":"category","embeddable":true,"href":"https:\/\/www.adeba.com.ar\/en\/wp-json\/wp\/v2\/categories?post=21685"},{"taxonomy":"post_tag","embeddable":true,"href":"https:\/\/www.adeba.com.ar\/en\/wp-json\/wp\/v2\/tags?post=21685"}],"curies":[{"name":"wp","href":"https:\/\/api.w.org\/{rel}","templated":true}]}}