{"id":21670,"date":"2021-08-26T16:15:07","date_gmt":"2021-08-26T19:15:07","guid":{"rendered":"https:\/\/www.adeba.com.ar\/?p=21670"},"modified":"2021-08-26T16:15:07","modified_gmt":"2021-08-26T19:15:07","slug":"tucuman-resolucion-general-de-la-direccion-general-de-rentas-77-2021","status":"publish","type":"post","link":"https:\/\/www.adeba.com.ar\/en\/tucuman-resolucion-general-de-la-direccion-general-de-rentas-77-2021\/","title":{"rendered":"Tucum\u00e1n Resoluci\u00f3n General de la Direcci\u00f3n General de Rentas 77\/2021"},"content":{"rendered":"<p>Se consideran cumplidas en tiempo y forma las obligaciones tributarias a fin de acogerse al r\u00e9gimen de regularizaci\u00f3n de deudas fiscales<\/p>\n","protected":false},"excerpt":{"rendered":"<p>Se consideran cumplidas en tiempo y forma las obligaciones tributarias a fin de acogerse al r\u00e9gimen de regularizaci\u00f3n de deudas fiscales<\/p>\n","protected":false},"author":1,"featured_media":0,"comment_status":"closed","ping_status":"open","sticky":false,"template":"","format":"standard","meta":[],"categories":[5],"tags":[],"_links":{"self":[{"href":"https:\/\/www.adeba.com.ar\/en\/wp-json\/wp\/v2\/posts\/21670"}],"collection":[{"href":"https:\/\/www.adeba.com.ar\/en\/wp-json\/wp\/v2\/posts"}],"about":[{"href":"https:\/\/www.adeba.com.ar\/en\/wp-json\/wp\/v2\/types\/post"}],"author":[{"embeddable":true,"href":"https:\/\/www.adeba.com.ar\/en\/wp-json\/wp\/v2\/users\/1"}],"replies":[{"embeddable":true,"href":"https:\/\/www.adeba.com.ar\/en\/wp-json\/wp\/v2\/comments?post=21670"}],"version-history":[{"count":2,"href":"https:\/\/www.adeba.com.ar\/en\/wp-json\/wp\/v2\/posts\/21670\/revisions"}],"predecessor-version":[{"id":21672,"href":"https:\/\/www.adeba.com.ar\/en\/wp-json\/wp\/v2\/posts\/21670\/revisions\/21672"}],"wp:attachment":[{"href":"https:\/\/www.adeba.com.ar\/en\/wp-json\/wp\/v2\/media?parent=21670"}],"wp:term":[{"taxonomy":"category","embeddable":true,"href":"https:\/\/www.adeba.com.ar\/en\/wp-json\/wp\/v2\/categories?post=21670"},{"taxonomy":"post_tag","embeddable":true,"href":"https:\/\/www.adeba.com.ar\/en\/wp-json\/wp\/v2\/tags?post=21670"}],"curies":[{"name":"wp","href":"https:\/\/api.w.org\/{rel}","templated":true}]}}