{"id":21661,"date":"2021-08-25T13:12:12","date_gmt":"2021-08-25T16:12:12","guid":{"rendered":"https:\/\/www.adeba.com.ar\/?p=21661"},"modified":"2021-08-25T13:12:12","modified_gmt":"2021-08-25T16:12:12","slug":"resolucion-de-la-secretaria-de-seguridad-social-20-2021","status":"publish","type":"post","link":"https:\/\/www.adeba.com.ar\/en\/resolucion-de-la-secretaria-de-seguridad-social-20-2021\/","title":{"rendered":"Resoluci\u00f3n de la Secretar\u00eda de Seguridad Social 20\/2021"},"content":{"rendered":"<table border=\"0\" width=\"100%\" cellspacing=\"0\" cellpadding=\"0\">\n<tbody>\n<tr>\n<td valign=\"top\"><b>Indices de actualizaci\u00f3n de las remuneraciones mensuales percibidas por los trabajadores en relaci\u00f3n de dependencia.<\/b><u><\/u><u><\/u><\/td>\n<\/tr>\n<tr>\n<td valign=\"top\">Se establece el \u00edndice combinado para la actualizaci\u00f3n de las remuneraciones mensuales percibidas por los trabajadores en relaci\u00f3n de dependencia\u00a0<u>que cesen desde el 31 de agosto de 2021 o soliciten su beneficio desde el 1\u00b0 de septiembre de 2021<\/u>, seg\u00fan lo establecido en la Ley N\u00b0 26.417 y de conformidad con los valores consignados en el anexo de la presente resoluci\u00f3n.<\/td>\n<\/tr>\n<\/tbody>\n<\/table>\n","protected":false},"excerpt":{"rendered":"<p>Indices de actualizaci\u00f3n de las remuneraciones mensuales percibidas por los trabajadores en relaci\u00f3n de dependencia. Se establece el \u00edndice combinado para la actualizaci\u00f3n de las remuneraciones mensuales percibidas por los<span class=\"more\"><a class=\"more-link\" href=\"https:\/\/www.adeba.com.ar\/en\/resolucion-de-la-secretaria-de-seguridad-social-20-2021\/\">Seguir leyendo <span class=\"meta-nav\">&#8594;<\/span><\/a><\/span><\/p>\n","protected":false},"author":1,"featured_media":0,"comment_status":"closed","ping_status":"open","sticky":false,"template":"","format":"standard","meta":[],"categories":[5],"tags":[],"_links":{"self":[{"href":"https:\/\/www.adeba.com.ar\/en\/wp-json\/wp\/v2\/posts\/21661"}],"collection":[{"href":"https:\/\/www.adeba.com.ar\/en\/wp-json\/wp\/v2\/posts"}],"about":[{"href":"https:\/\/www.adeba.com.ar\/en\/wp-json\/wp\/v2\/types\/post"}],"author":[{"embeddable":true,"href":"https:\/\/www.adeba.com.ar\/en\/wp-json\/wp\/v2\/users\/1"}],"replies":[{"embeddable":true,"href":"https:\/\/www.adeba.com.ar\/en\/wp-json\/wp\/v2\/comments?post=21661"}],"version-history":[{"count":2,"href":"https:\/\/www.adeba.com.ar\/en\/wp-json\/wp\/v2\/posts\/21661\/revisions"}],"predecessor-version":[{"id":21663,"href":"https:\/\/www.adeba.com.ar\/en\/wp-json\/wp\/v2\/posts\/21661\/revisions\/21663"}],"wp:attachment":[{"href":"https:\/\/www.adeba.com.ar\/en\/wp-json\/wp\/v2\/media?parent=21661"}],"wp:term":[{"taxonomy":"category","embeddable":true,"href":"https:\/\/www.adeba.com.ar\/en\/wp-json\/wp\/v2\/categories?post=21661"},{"taxonomy":"post_tag","embeddable":true,"href":"https:\/\/www.adeba.com.ar\/en\/wp-json\/wp\/v2\/tags?post=21661"}],"curies":[{"name":"wp","href":"https:\/\/api.w.org\/{rel}","templated":true}]}}