{"id":19479,"date":"2021-04-20T15:34:13","date_gmt":"2021-04-20T18:34:13","guid":{"rendered":"https:\/\/www.adeba.com.ar\/?p=19479"},"modified":"2021-04-20T15:34:13","modified_gmt":"2021-04-20T18:34:13","slug":"santa-fe-resolucion-general-de-la-administracion-provincial-de-impuestos-21-2021","status":"publish","type":"post","link":"https:\/\/www.adeba.com.ar\/en\/santa-fe-resolucion-general-de-la-administracion-provincial-de-impuestos-21-2021\/","title":{"rendered":"\u00a0Santa F\u00e9 Resoluci\u00f3n General de la Administraci\u00f3n Provincial de Impuestos 21\/2021\u00a0&#8211;"},"content":{"rendered":"<p>Se difiere a diciembre de 2021 el vencimiento de diferentes tributos provinciales<\/p>\n","protected":false},"excerpt":{"rendered":"<p>\u00a0\u00a0Se difiere a diciembre de 2021 el vencimiento de diferentes tributos provinciales<\/p>\n","protected":false},"author":1,"featured_media":0,"comment_status":"closed","ping_status":"open","sticky":false,"template":"","format":"standard","meta":[],"categories":[5],"tags":[],"_links":{"self":[{"href":"https:\/\/www.adeba.com.ar\/en\/wp-json\/wp\/v2\/posts\/19479"}],"collection":[{"href":"https:\/\/www.adeba.com.ar\/en\/wp-json\/wp\/v2\/posts"}],"about":[{"href":"https:\/\/www.adeba.com.ar\/en\/wp-json\/wp\/v2\/types\/post"}],"author":[{"embeddable":true,"href":"https:\/\/www.adeba.com.ar\/en\/wp-json\/wp\/v2\/users\/1"}],"replies":[{"embeddable":true,"href":"https:\/\/www.adeba.com.ar\/en\/wp-json\/wp\/v2\/comments?post=19479"}],"version-history":[{"count":2,"href":"https:\/\/www.adeba.com.ar\/en\/wp-json\/wp\/v2\/posts\/19479\/revisions"}],"predecessor-version":[{"id":19481,"href":"https:\/\/www.adeba.com.ar\/en\/wp-json\/wp\/v2\/posts\/19479\/revisions\/19481"}],"wp:attachment":[{"href":"https:\/\/www.adeba.com.ar\/en\/wp-json\/wp\/v2\/media?parent=19479"}],"wp:term":[{"taxonomy":"category","embeddable":true,"href":"https:\/\/www.adeba.com.ar\/en\/wp-json\/wp\/v2\/categories?post=19479"},{"taxonomy":"post_tag","embeddable":true,"href":"https:\/\/www.adeba.com.ar\/en\/wp-json\/wp\/v2\/tags?post=19479"}],"curies":[{"name":"wp","href":"https:\/\/api.w.org\/{rel}","templated":true}]}}