{"id":19442,"date":"2021-04-19T12:27:30","date_gmt":"2021-04-19T15:27:30","guid":{"rendered":"https:\/\/www.adeba.com.ar\/?p=19442"},"modified":"2021-04-20T12:27:54","modified_gmt":"2021-04-20T15:27:54","slug":"decision-administrativa-378-2021","status":"publish","type":"post","link":"https:\/\/www.adeba.com.ar\/en\/decision-administrativa-378-2021\/","title":{"rendered":"Decisi\u00f3n Administrativa 378\/2021\u00a0&#8211;"},"content":{"rendered":"<p>Sector P\u00fablico Nacional. Licencia a las trabajadoras y los trabajadores a cargo de ni\u00f1os, ni\u00f1as y adolescentes de hasta 14 a\u00f1os, que deban realizar escolaridad virtual y se encuentren inscriptos en establecimientos educativos del AMBA.<\/p>\n","protected":false},"excerpt":{"rendered":"<p>\u00a0Sector P\u00fablico Nacional. Licencia a las trabajadoras y los trabajadores a cargo de ni\u00f1os, ni\u00f1as y adolescentes de hasta 14 a\u00f1os, que deban realizar escolaridad virtual y se encuentren inscriptos en establecimientos educativos del AMBA.<\/p>\n","protected":false},"author":1,"featured_media":0,"comment_status":"closed","ping_status":"open","sticky":false,"template":"","format":"standard","meta":[],"categories":[5],"tags":[],"_links":{"self":[{"href":"https:\/\/www.adeba.com.ar\/en\/wp-json\/wp\/v2\/posts\/19442"}],"collection":[{"href":"https:\/\/www.adeba.com.ar\/en\/wp-json\/wp\/v2\/posts"}],"about":[{"href":"https:\/\/www.adeba.com.ar\/en\/wp-json\/wp\/v2\/types\/post"}],"author":[{"embeddable":true,"href":"https:\/\/www.adeba.com.ar\/en\/wp-json\/wp\/v2\/users\/1"}],"replies":[{"embeddable":true,"href":"https:\/\/www.adeba.com.ar\/en\/wp-json\/wp\/v2\/comments?post=19442"}],"version-history":[{"count":2,"href":"https:\/\/www.adeba.com.ar\/en\/wp-json\/wp\/v2\/posts\/19442\/revisions"}],"predecessor-version":[{"id":19444,"href":"https:\/\/www.adeba.com.ar\/en\/wp-json\/wp\/v2\/posts\/19442\/revisions\/19444"}],"wp:attachment":[{"href":"https:\/\/www.adeba.com.ar\/en\/wp-json\/wp\/v2\/media?parent=19442"}],"wp:term":[{"taxonomy":"category","embeddable":true,"href":"https:\/\/www.adeba.com.ar\/en\/wp-json\/wp\/v2\/categories?post=19442"},{"taxonomy":"post_tag","embeddable":true,"href":"https:\/\/www.adeba.com.ar\/en\/wp-json\/wp\/v2\/tags?post=19442"}],"curies":[{"name":"wp","href":"https:\/\/api.w.org\/{rel}","templated":true}]}}