{"id":19406,"date":"2021-04-12T14:39:03","date_gmt":"2021-04-12T17:39:03","guid":{"rendered":"https:\/\/www.adeba.com.ar\/?p=19406"},"modified":"2021-04-13T14:39:50","modified_gmt":"2021-04-13T17:39:50","slug":"santiago-del-estero-decreto-provincial-567-2021","status":"publish","type":"post","link":"https:\/\/www.adeba.com.ar\/en\/santiago-del-estero-decreto-provincial-567-2021\/","title":{"rendered":"Santiago del Estero Decreto Provincial 567\/2021\u00a0&#8211;"},"content":{"rendered":"<p>La Provincia actualiza los montos m\u00ednimos y l\u00edmites de categor\u00edas de ingresos brutos<\/p>\n","protected":false},"excerpt":{"rendered":"<p>\u00a0La Provincia actualiza los montos m\u00ednimos y l\u00edmites de categor\u00edas de ingresos brutos<\/p>\n","protected":false},"author":1,"featured_media":0,"comment_status":"closed","ping_status":"open","sticky":false,"template":"","format":"standard","meta":[],"categories":[5],"tags":[],"_links":{"self":[{"href":"https:\/\/www.adeba.com.ar\/en\/wp-json\/wp\/v2\/posts\/19406"}],"collection":[{"href":"https:\/\/www.adeba.com.ar\/en\/wp-json\/wp\/v2\/posts"}],"about":[{"href":"https:\/\/www.adeba.com.ar\/en\/wp-json\/wp\/v2\/types\/post"}],"author":[{"embeddable":true,"href":"https:\/\/www.adeba.com.ar\/en\/wp-json\/wp\/v2\/users\/1"}],"replies":[{"embeddable":true,"href":"https:\/\/www.adeba.com.ar\/en\/wp-json\/wp\/v2\/comments?post=19406"}],"version-history":[{"count":2,"href":"https:\/\/www.adeba.com.ar\/en\/wp-json\/wp\/v2\/posts\/19406\/revisions"}],"predecessor-version":[{"id":19408,"href":"https:\/\/www.adeba.com.ar\/en\/wp-json\/wp\/v2\/posts\/19406\/revisions\/19408"}],"wp:attachment":[{"href":"https:\/\/www.adeba.com.ar\/en\/wp-json\/wp\/v2\/media?parent=19406"}],"wp:term":[{"taxonomy":"category","embeddable":true,"href":"https:\/\/www.adeba.com.ar\/en\/wp-json\/wp\/v2\/categories?post=19406"},{"taxonomy":"post_tag","embeddable":true,"href":"https:\/\/www.adeba.com.ar\/en\/wp-json\/wp\/v2\/tags?post=19406"}],"curies":[{"name":"wp","href":"https:\/\/api.w.org\/{rel}","templated":true}]}}