{"id":19326,"date":"2021-04-07T10:39:12","date_gmt":"2021-04-07T13:39:12","guid":{"rendered":"https:\/\/www.adeba.com.ar\/?p=19326"},"modified":"2021-04-09T10:39:38","modified_gmt":"2021-04-09T13:39:38","slug":"resolucion-general-de-la-administracion-federal-de-ingresos-publicos-4957-2021","status":"publish","type":"post","link":"https:\/\/www.adeba.com.ar\/en\/resolucion-general-de-la-administracion-federal-de-ingresos-publicos-4957-2021\/","title":{"rendered":"Resoluci\u00f3n General de la Administraci\u00f3n Federal de Ingresos P\u00fablicos 4957\/2021\u00a0&#8211;\u00a0"},"content":{"rendered":"<p>Procedimiento. Programa de Asistencia a la cadena de producci\u00f3n de peras y manzanas de las provincias del Neuqu\u00e9n, R\u00edo Negro, Mendoza, San Juan y La Pampa. R.G. Nros. 4.790 y 4.889. Norma complementaria.<\/p>\n","protected":false},"excerpt":{"rendered":"<p>Procedimiento. Programa de Asistencia a la cadena de producci\u00f3n de peras y manzanas de las provincias del Neuqu\u00e9n, R\u00edo Negro, Mendoza, San Juan y La Pampa. R.G. Nros. 4.790 y 4.889. Norma complementaria.<\/p>\n","protected":false},"author":1,"featured_media":0,"comment_status":"closed","ping_status":"open","sticky":false,"template":"","format":"standard","meta":[],"categories":[5],"tags":[],"_links":{"self":[{"href":"https:\/\/www.adeba.com.ar\/en\/wp-json\/wp\/v2\/posts\/19326"}],"collection":[{"href":"https:\/\/www.adeba.com.ar\/en\/wp-json\/wp\/v2\/posts"}],"about":[{"href":"https:\/\/www.adeba.com.ar\/en\/wp-json\/wp\/v2\/types\/post"}],"author":[{"embeddable":true,"href":"https:\/\/www.adeba.com.ar\/en\/wp-json\/wp\/v2\/users\/1"}],"replies":[{"embeddable":true,"href":"https:\/\/www.adeba.com.ar\/en\/wp-json\/wp\/v2\/comments?post=19326"}],"version-history":[{"count":2,"href":"https:\/\/www.adeba.com.ar\/en\/wp-json\/wp\/v2\/posts\/19326\/revisions"}],"predecessor-version":[{"id":19328,"href":"https:\/\/www.adeba.com.ar\/en\/wp-json\/wp\/v2\/posts\/19326\/revisions\/19328"}],"wp:attachment":[{"href":"https:\/\/www.adeba.com.ar\/en\/wp-json\/wp\/v2\/media?parent=19326"}],"wp:term":[{"taxonomy":"category","embeddable":true,"href":"https:\/\/www.adeba.com.ar\/en\/wp-json\/wp\/v2\/categories?post=19326"},{"taxonomy":"post_tag","embeddable":true,"href":"https:\/\/www.adeba.com.ar\/en\/wp-json\/wp\/v2\/tags?post=19326"}],"curies":[{"name":"wp","href":"https:\/\/api.w.org\/{rel}","templated":true}]}}